{"id":155566,"date":"2026-04-09T02:19:00","date_gmt":"2026-04-09T05:19:00","guid":{"rendered":"https:\/\/obuxixeiro.com.br\/2026\/04\/09\/rede-de-apoio-e-apontada-como-fator-importante-no-tratamento-contra-o-cancer\/"},"modified":"2026-04-09T02:19:00","modified_gmt":"2026-04-09T05:19:00","slug":"rede-de-apoio-e-apontada-como-fator-importante-no-tratamento-contra-o-cancer","status":"publish","type":"post","link":"https:\/\/obuxixeiro.com.br\/?p=155566","title":{"rendered":"Rede de apoio \u00e9 apontada como fator importante no tratamento contra o c\u00e2ncer"},"content":{"rendered":"\n<div>\n<p><strong>Especialistas destacam impacto emocional e social no enfrentamento da doen\u00e7a no Dia Mundial de Luta Contra o C\u00e2ncer<\/strong><\/p>\n<p>No <strong>Dia Mundial de Luta Contra o C\u00e2ncer<\/strong>, celebrado em <strong>8 de abril<\/strong>, especialistas destacam a import\u00e2ncia da rede de apoio no tratamento de pacientes oncol\u00f3gicos. A avalia\u00e7\u00e3o \u00e9 de profissionais que atuam no Iamspe, que apontam impactos f\u00edsicos, emocionais e sociais ao longo do enfrentamento da doen\u00e7a.<\/p>\n<p>Segundo m\u00e9dicos da institui\u00e7\u00e3o, o tratamento oncol\u00f3gico pode gerar efeitos colaterais que afetam o bem-estar, a autonomia e a rotina dos pacientes, exigindo acompanhamento cont\u00ednuo e suporte al\u00e9m do atendimento cl\u00ednico.<\/p>\n<p><strong>Acompanhamento e suporte ao paciente<\/strong><\/p>\n<p>O oncologista Marcos Ant\u00f4nio Cavalari afirma que o tratamento de neoplasias envolve fases delicadas e demanda orienta\u00e7\u00e3o adequada. De acordo com ele, o acesso \u00e0 informa\u00e7\u00e3o sobre efeitos colaterais e o acompanhamento pr\u00f3ximo da equipe de sa\u00fade s\u00e3o fatores relevantes durante o processo.<\/p>\n<p>O atendimento mencionado ocorre na Santa Casa de Miseric\u00f3rdia de S\u00e3o Jos\u00e9 do Rio Preto, unidade que integra a rede credenciada do instituto.<\/p>\n<p><strong>Relato de paciente<\/strong><\/p>\n<p>A aposentada Aparecida Santos, de <strong>67 anos<\/strong>, foi diagnosticada com c\u00e2ncer colorretal ap\u00f3s apresentar dores na regi\u00e3o p\u00e9lvica. Ap\u00f3s cirurgia realizada em <strong>agosto de 2024<\/strong>, exames identificaram a presen\u00e7a de n\u00f3dulos no f\u00edgado, o que levou \u00e0 realiza\u00e7\u00e3o de <strong>12 sess\u00f5es de quimioterapia<\/strong>.<\/p>\n<p>Ela relata que o suporte emocional e o acompanhamento m\u00e9dico contribu\u00edram para a continuidade do tratamento. A paciente tamb\u00e9m menciona a agilidade no in\u00edcio do atendimento e a atua\u00e7\u00e3o da equipe de sa\u00fade como fatores relevantes no processo.<\/p>\n<p><strong>Impactos al\u00e9m do tratamento cl\u00ednico<\/strong><\/p>\n<p>Durante o per\u00edodo de tratamento, Aparecida optou por manter atividades profissionais, atuando como coordenadora em uma escola municipal. Segundo ela, a rotina ajudou a lidar com os efeitos emocionais da doen\u00e7a.<\/p>\n<p>Especialistas apontam que a manuten\u00e7\u00e3o de v\u00ednculos sociais e atividades cotidianas pode contribuir para o enfrentamento do tratamento, embora cada caso exija avalia\u00e7\u00e3o individual.<\/p>\n<p><strong>HostingPRESS Ag\u00eancia de Not\u00edcias de S\u00e3o Paulo<\/strong><br \/>Conte\u00fado distribu\u00eddo por nossa Central de Jornalismo<br \/>Reprodu\u00e7\u00e3o autorizada mediante cr\u00e9dito da fonte<\/p>\n<p>Portal criado para conectar os leitores da regi\u00e3o ao melhor conte\u00fado<\/p>\n<p>Somos l\u00edderes de audi\u00eancia local. Somos sociais.\u00a0Conecte-se conosco.<\/p>\n<\/p><\/div>\n<section>  \t<img alt=\"Avatar photo\" src=\"https:\/\/hostingpress.com.br\/wp-content\/uploads\/2026\/03\/cropped-Divilgacao-95x95.jpeg\"  height=\"95\" width=\"95\" decoding=\"async\">\t \t<\/p>\n<div>\n<p>Vinicius Moror\u00f3<\/p>\n<p>Editor-Executivo-Regional | Jornalista | Diretor Editorial    Editor-Executivo-Regional da HostingPress Ag\u00eancia de Not\u00edcias de S\u00e3o Paulo, com atua\u00e7\u00e3o voltada \u00e0 coordena\u00e7\u00e3o editorial regional, articula\u00e7\u00e3o com ve\u00edculos parceiros e fortalecimento da distribui\u00e7\u00e3o de conte\u00fado jornal\u00edstico no Estado de S\u00e3o Paulo.      Editor-chefe do Jornal Impacto Cotia, com foco em jornalismo investigativo, interesse p\u00fablico e an\u00e1lise cr\u00edtica de temas pol\u00edticos, sociais e institucionais.<\/p>\n<\/p><\/div>\n<\/section>\n","protected":false},"excerpt":{"rendered":"<p>Especialistas destacam impacto emocional e social no enfrentamento da doen\u00e7a no Dia Mundial de Luta Contra o C\u00e2ncer No Dia Mundial de Luta Contra o C\u00e2ncer, celebrado em 8 de abril, especialistas destacam a import\u00e2ncia da rede de apoio no tratamento de pacientes oncol\u00f3gicos. A avalia\u00e7\u00e3o \u00e9 de profissionais que atuam no Iamspe, que apontam<\/p>\n","protected":false},"author":808,"featured_media":155569,"comment_status":"closed","ping_status":"closed","sticky":false,"template":"","format":"standard","meta":{"footnotes":""},"categories":[77,1],"tags":[],"class_list":{"0":"post-155566","1":"post","2":"type-post","3":"status-publish","4":"format-standard","5":"has-post-thumbnail","7":"category-papo-de-especialista","8":"category-todas-noticias"},"_links":{"self":[{"href":"https:\/\/obuxixeiro.com.br\/index.php?rest_route=\/wp\/v2\/posts\/155566","targetHints":{"allow":["GET"]}}],"collection":[{"href":"https:\/\/obuxixeiro.com.br\/index.php?rest_route=\/wp\/v2\/posts"}],"about":[{"href":"https:\/\/obuxixeiro.com.br\/index.php?rest_route=\/wp\/v2\/types\/post"}],"author":[{"embeddable":true,"href":"https:\/\/obuxixeiro.com.br\/index.php?rest_route=\/wp\/v2\/users\/808"}],"replies":[{"embeddable":true,"href":"https:\/\/obuxixeiro.com.br\/index.php?rest_route=%2Fwp%2Fv2%2Fcomments&post=155566"}],"version-history":[{"count":0,"href":"https:\/\/obuxixeiro.com.br\/index.php?rest_route=\/wp\/v2\/posts\/155566\/revisions"}],"wp:featuredmedia":[{"embeddable":true,"href":"https:\/\/obuxixeiro.com.br\/index.php?rest_route=\/wp\/v2\/media\/155569"}],"wp:attachment":[{"href":"https:\/\/obuxixeiro.com.br\/index.php?rest_route=%2Fwp%2Fv2%2Fmedia&parent=155566"}],"wp:term":[{"taxonomy":"category","embeddable":true,"href":"https:\/\/obuxixeiro.com.br\/index.php?rest_route=%2Fwp%2Fv2%2Fcategories&post=155566"},{"taxonomy":"post_tag","embeddable":true,"href":"https:\/\/obuxixeiro.com.br\/index.php?rest_route=%2Fwp%2Fv2%2Ftags&post=155566"}],"curies":[{"name":"wp","href":"https:\/\/api.w.org\/{rel}","templated":true}]}}