{"id":155572,"date":"2026-04-13T00:22:00","date_gmt":"2026-04-13T03:22:00","guid":{"rendered":"https:\/\/obuxixeiro.com.br\/2026\/04\/13\/diagnostico-precoce-e-fundamental-no-tratamento-do-parkinson-alertam-especialistas\/"},"modified":"2026-04-13T00:22:00","modified_gmt":"2026-04-13T03:22:00","slug":"diagnostico-precoce-e-fundamental-no-tratamento-do-parkinson-alertam-especialistas","status":"publish","type":"post","link":"https:\/\/obuxixeiro.com.br\/?p=155572","title":{"rendered":"Diagn\u00f3stico precoce \u00e9 fundamental no tratamento do Parkinson, alertam especialistas"},"content":{"rendered":"\n<div>\n<p><strong>Neurologistas destacam sinais iniciais da doen\u00e7a e import\u00e2ncia da identifica\u00e7\u00e3o antecipada<\/strong><\/p>\n<p>Neurologistas do Iamspe alertam para a import\u00e2ncia do diagn\u00f3stico precoce da Doen\u00e7a de Parkinson, condi\u00e7\u00e3o que afeta o sistema nervoso e compromete movimentos ao longo do tempo.<\/p>\n<p>A identifica\u00e7\u00e3o antecipada pode ajudar a retardar a progress\u00e3o dos sintomas e melhorar a qualidade de vida dos pacientes.<\/p>\n<p><strong>Primeiros sinais<\/strong><\/p>\n<p>Entre os sinais iniciais da doen\u00e7a est\u00e3o tremores leves, rigidez muscular, lentid\u00e3o de movimentos e altera\u00e7\u00f5es no equil\u00edbrio. Em alguns casos, sintomas menos evidentes, como mudan\u00e7as no sono e no olfato, tamb\u00e9m podem surgir.<\/p>\n<p>Esses sinais costumam aparecer de forma gradual, o que pode dificultar o reconhecimento precoce.<\/p>\n<p><strong>Import\u00e2ncia do diagn\u00f3stico<\/strong><\/p>\n<p>O diagn\u00f3stico em fases iniciais permite iniciar o tratamento mais cedo, reduzindo impactos funcionais e ampliando o controle dos sintomas.<\/p>\n<p>Embora n\u00e3o tenha cura, a doen\u00e7a pode ser controlada com acompanhamento m\u00e9dico e terapias adequadas.<\/p>\n<p><strong>Aten\u00e7\u00e3o aos sintomas<\/strong><\/p>\n<p>Especialistas recomendam que pessoas que apresentem sinais persistentes procurem avalia\u00e7\u00e3o m\u00e9dica para investiga\u00e7\u00e3o adequada.<\/p>\n<p><strong>HostingPRESS Ag\u00eancia de Not\u00edcias de S\u00e3o Paulo<\/strong><br \/>Conte\u00fado distribu\u00eddo por nossa Central de Jornalismo<br \/>Reprodu\u00e7\u00e3o autorizada mediante cr\u00e9dito da fonte<\/p>\n<p>Portal criado para conectar os leitores da regi\u00e3o ao melhor conte\u00fado<\/p>\n<p>Somos l\u00edderes de audi\u00eancia local. Somos sociais.\u00a0Conecte-se conosco.<\/p>\n<\/p><\/div>\n<section>  \t<img alt=\"Avatar photo\" src=\"https:\/\/hostingpress.com.br\/wp-content\/uploads\/2026\/03\/cropped-Divilgacao-95x95.jpeg\"  height=\"95\" width=\"95\" decoding=\"async\">\t \t<\/p>\n<div>\n<p>Vinicius Moror\u00f3<\/p>\n<p>Editor-Executivo-Regional | Jornalista | Diretor Editorial    Editor-Executivo-Regional da HostingPress Ag\u00eancia de Not\u00edcias de S\u00e3o Paulo, com atua\u00e7\u00e3o voltada \u00e0 coordena\u00e7\u00e3o editorial regional, articula\u00e7\u00e3o com ve\u00edculos parceiros e fortalecimento da distribui\u00e7\u00e3o de conte\u00fado jornal\u00edstico no Estado de S\u00e3o Paulo.      Editor-chefe do Jornal Impacto Cotia, com foco em jornalismo investigativo, interesse p\u00fablico e an\u00e1lise cr\u00edtica de temas pol\u00edticos, sociais e institucionais.<\/p>\n<\/p><\/div>\n<\/section>\n","protected":false},"excerpt":{"rendered":"<p>Neurologistas destacam sinais iniciais da doen\u00e7a e import\u00e2ncia da identifica\u00e7\u00e3o antecipada Neurologistas do Iamspe alertam para a import\u00e2ncia do diagn\u00f3stico precoce da Doen\u00e7a de Parkinson, condi\u00e7\u00e3o que afeta o sistema nervoso e compromete movimentos ao longo do tempo. A identifica\u00e7\u00e3o antecipada pode ajudar a retardar a progress\u00e3o dos sintomas e melhorar a qualidade de vida<\/p>\n","protected":false},"author":808,"featured_media":155573,"comment_status":"closed","ping_status":"closed","sticky":false,"template":"","format":"standard","meta":{"footnotes":""},"categories":[79,1],"tags":[],"class_list":{"0":"post-155572","1":"post","2":"type-post","3":"status-publish","4":"format-standard","5":"has-post-thumbnail","7":"category-destaque-nacional","8":"category-todas-noticias"},"_links":{"self":[{"href":"https:\/\/obuxixeiro.com.br\/index.php?rest_route=\/wp\/v2\/posts\/155572","targetHints":{"allow":["GET"]}}],"collection":[{"href":"https:\/\/obuxixeiro.com.br\/index.php?rest_route=\/wp\/v2\/posts"}],"about":[{"href":"https:\/\/obuxixeiro.com.br\/index.php?rest_route=\/wp\/v2\/types\/post"}],"author":[{"embeddable":true,"href":"https:\/\/obuxixeiro.com.br\/index.php?rest_route=\/wp\/v2\/users\/808"}],"replies":[{"embeddable":true,"href":"https:\/\/obuxixeiro.com.br\/index.php?rest_route=%2Fwp%2Fv2%2Fcomments&post=155572"}],"version-history":[{"count":0,"href":"https:\/\/obuxixeiro.com.br\/index.php?rest_route=\/wp\/v2\/posts\/155572\/revisions"}],"wp:featuredmedia":[{"embeddable":true,"href":"https:\/\/obuxixeiro.com.br\/index.php?rest_route=\/wp\/v2\/media\/155573"}],"wp:attachment":[{"href":"https:\/\/obuxixeiro.com.br\/index.php?rest_route=%2Fwp%2Fv2%2Fmedia&parent=155572"}],"wp:term":[{"taxonomy":"category","embeddable":true,"href":"https:\/\/obuxixeiro.com.br\/index.php?rest_route=%2Fwp%2Fv2%2Fcategories&post=155572"},{"taxonomy":"post_tag","embeddable":true,"href":"https:\/\/obuxixeiro.com.br\/index.php?rest_route=%2Fwp%2Fv2%2Ftags&post=155572"}],"curies":[{"name":"wp","href":"https:\/\/api.w.org\/{rel}","templated":true}]}}