{"id":155615,"date":"2026-04-24T09:16:00","date_gmt":"2026-04-24T12:16:00","guid":{"rendered":"https:\/\/obuxixeiro.com.br\/2026\/04\/24\/operacao-no-centro-de-sp-prende-suspeitos-e-recupera-celulares-furtados\/"},"modified":"2026-04-24T09:16:00","modified_gmt":"2026-04-24T12:16:00","slug":"operacao-no-centro-de-sp-prende-suspeitos-e-recupera-celulares-furtados","status":"publish","type":"post","link":"https:\/\/obuxixeiro.com.br\/?p=155615","title":{"rendered":"Opera\u00e7\u00e3o no centro de SP prende suspeitos e recupera celulares furtados"},"content":{"rendered":"\n<div>\n<p><strong>A\u00e7\u00e3o conjunta mira crimes recorrentes em \u00e1reas de grande circula\u00e7\u00e3o<\/strong><\/p>\n<p>Uma opera\u00e7\u00e3o conjunta das pol\u00edcias Civil e Militar foi realizada no centro da capital paulista com foco no combate a furtos de celulares, crime recorrente em \u00e1reas de grande circula\u00e7\u00e3o.<\/p>\n<p>De acordo com a mat\u00e9ria, a a\u00e7\u00e3o resultou na <strong>pris\u00e3o de suspeitos<\/strong> e na <strong>recupera\u00e7\u00e3o de aparelhos furtados<\/strong>, al\u00e9m da realiza\u00e7\u00e3o de abordagens em pontos estrat\u00e9gicos da regi\u00e3o central.<\/p>\n<p>A opera\u00e7\u00e3o teve como alvo locais com alta incid\u00eancia desse tipo de crime, incluindo \u00e1reas comerciais e vias com grande fluxo de pedestres.<\/p>\n<p>Tamb\u00e9m participaram equipes especializadas, com atua\u00e7\u00e3o direcionada \u00e0 identifica\u00e7\u00e3o de indiv\u00edduos envolvidos nesse tipo de pr\u00e1tica.<\/p>\n<p>O delegado Nico ressalta que den\u00fancias podem ser feitas de forma an\u00f4nima pelo\u00a0<strong>Disque 181<\/strong>. \u201cPedimos \u00e0 popula\u00e7\u00e3o que registre boletins e den\u00fancias, pois opera\u00e7\u00f5es semelhantes seguir\u00e3o sendo realizadas em pontos estrat\u00e9gicos da cidade e as informa\u00e7\u00f5es s\u00e3o essenciais\u201d, refor\u00e7a.<\/p>\n<p><strong>HostingPRESS Ag\u00eancia de Not\u00edcias de S\u00e3o Paulo<\/strong><br \/>Conte\u00fado distribu\u00eddo por nossa Central de Jornalismo<br \/>Reprodu\u00e7\u00e3o autorizada mediante cr\u00e9dito da fonte<\/p>\n<p>Portal criado para conectar os leitores da regi\u00e3o ao melhor conte\u00fado<\/p>\n<p>Somos l\u00edderes de audi\u00eancia local. Somos sociais.\u00a0Conecte-se conosco.<\/p>\n<\/p><\/div>\n<section>  \t<img alt=\"Avatar photo\" src=\"https:\/\/hostingpress.com.br\/wp-content\/uploads\/2026\/03\/cropped-Divilgacao-95x95.jpeg\"  height=\"95\" width=\"95\" decoding=\"async\">\t \t<\/p>\n<div>\n<p>Vinicius Moror\u00f3<\/p>\n<p>Editor-Executivo-Regional | Jornalista | Diretor Editorial    Editor-Executivo-Regional da HostingPress Ag\u00eancia de Not\u00edcias de S\u00e3o Paulo, com atua\u00e7\u00e3o voltada \u00e0 coordena\u00e7\u00e3o editorial regional, articula\u00e7\u00e3o com ve\u00edculos parceiros e fortalecimento da distribui\u00e7\u00e3o de conte\u00fado jornal\u00edstico no Estado de S\u00e3o Paulo.      Editor-chefe do Jornal Impacto Cotia, com foco em jornalismo investigativo, interesse p\u00fablico e an\u00e1lise cr\u00edtica de temas pol\u00edticos, sociais e institucionais.<\/p>\n<\/p><\/div>\n<\/section>\n","protected":false},"excerpt":{"rendered":"<p>A\u00e7\u00e3o conjunta mira crimes recorrentes em \u00e1reas de grande circula\u00e7\u00e3o Uma opera\u00e7\u00e3o conjunta das pol\u00edcias Civil e Militar foi realizada no centro da capital paulista com foco no combate a furtos de celulares, crime recorrente em \u00e1reas de grande circula\u00e7\u00e3o. De acordo com a mat\u00e9ria, a a\u00e7\u00e3o resultou na pris\u00e3o de suspeitos e na recupera\u00e7\u00e3o<\/p>\n","protected":false},"author":808,"featured_media":155616,"comment_status":"closed","ping_status":"closed","sticky":false,"template":"","format":"standard","meta":{"footnotes":""},"categories":[32,1],"tags":[],"class_list":{"0":"post-155615","1":"post","2":"type-post","3":"status-publish","4":"format-standard","5":"has-post-thumbnail","7":"category-brasil","8":"category-todas-noticias"},"_links":{"self":[{"href":"https:\/\/obuxixeiro.com.br\/index.php?rest_route=\/wp\/v2\/posts\/155615","targetHints":{"allow":["GET"]}}],"collection":[{"href":"https:\/\/obuxixeiro.com.br\/index.php?rest_route=\/wp\/v2\/posts"}],"about":[{"href":"https:\/\/obuxixeiro.com.br\/index.php?rest_route=\/wp\/v2\/types\/post"}],"author":[{"embeddable":true,"href":"https:\/\/obuxixeiro.com.br\/index.php?rest_route=\/wp\/v2\/users\/808"}],"replies":[{"embeddable":true,"href":"https:\/\/obuxixeiro.com.br\/index.php?rest_route=%2Fwp%2Fv2%2Fcomments&post=155615"}],"version-history":[{"count":0,"href":"https:\/\/obuxixeiro.com.br\/index.php?rest_route=\/wp\/v2\/posts\/155615\/revisions"}],"wp:featuredmedia":[{"embeddable":true,"href":"https:\/\/obuxixeiro.com.br\/index.php?rest_route=\/wp\/v2\/media\/155616"}],"wp:attachment":[{"href":"https:\/\/obuxixeiro.com.br\/index.php?rest_route=%2Fwp%2Fv2%2Fmedia&parent=155615"}],"wp:term":[{"taxonomy":"category","embeddable":true,"href":"https:\/\/obuxixeiro.com.br\/index.php?rest_route=%2Fwp%2Fv2%2Fcategories&post=155615"},{"taxonomy":"post_tag","embeddable":true,"href":"https:\/\/obuxixeiro.com.br\/index.php?rest_route=%2Fwp%2Fv2%2Ftags&post=155615"}],"curies":[{"name":"wp","href":"https:\/\/api.w.org\/{rel}","templated":true}]}}