{"id":155617,"date":"2026-04-24T09:07:00","date_gmt":"2026-04-24T12:07:00","guid":{"rendered":"https:\/\/obuxixeiro.com.br\/2026\/04\/24\/consulta-publica-sobre-concessao-do-complexo-do-ibirapuera-e-prorrogada-em-sp\/"},"modified":"2026-04-24T09:07:00","modified_gmt":"2026-04-24T12:07:00","slug":"consulta-publica-sobre-concessao-do-complexo-do-ibirapuera-e-prorrogada-em-sp","status":"publish","type":"post","link":"https:\/\/obuxixeiro.com.br\/?p=155617","title":{"rendered":"Consulta p\u00fablica sobre concess\u00e3o do Complexo do Ibirapuera \u00e9 prorrogada em SP"},"content":{"rendered":"\n<div>\n<p><strong>Prazo maior amplia participa\u00e7\u00e3o da popula\u00e7\u00e3o em projeto de gest\u00e3o do espa\u00e7o<\/strong><\/p>\n<p>O Governo de S\u00e3o Paulo prorrogou o prazo da consulta p\u00fablica sobre a concess\u00e3o do Complexo do Parque Ibirapuera, na zona sul da capital.<\/p>\n<p>A consulta tem como objetivo receber contribui\u00e7\u00f5es da popula\u00e7\u00e3o e de interessados sobre o projeto que trata da gest\u00e3o e opera\u00e7\u00e3o de equipamentos localizados no complexo.<\/p>\n<p>A proposta envolve espa\u00e7os culturais e estruturas que fazem parte do entorno do parque, com foco em modelo de administra\u00e7\u00e3o por meio de concess\u00e3o \u00e0 iniciativa privada.<\/p>\n<p><strong>COMO PARTICIPAR<\/strong><\/p>\n<p>\ud83d\udc49 A consulta p\u00fablica pode ser acessada online:<br \/>\ud83d\udd17 https:\/\/www.parceriaseminvestimentos.sp.gov.br<\/p>\n<p>\ud83d\udc49 No site, \u00e9 poss\u00edvel:<\/p>\n<ul>\n<li>consultar documentos do projeto<\/li>\n<li>enviar sugest\u00f5es<\/li>\n<li>acompanhar o processo<\/li>\n<\/ul>\n<p><strong>HostingPRESS Ag\u00eancia de Not\u00edcias de S\u00e3o Paulo<\/strong><br \/>Conte\u00fado distribu\u00eddo por nossa Central de Jornalismo<br \/>Reprodu\u00e7\u00e3o autorizada mediante cr\u00e9dito da fonte<\/p>\n<p>Portal criado para conectar os leitores da regi\u00e3o ao melhor conte\u00fado<\/p>\n<p>Somos l\u00edderes de audi\u00eancia local. Somos sociais.\u00a0Conecte-se conosco.<\/p>\n<\/p><\/div>\n<section>  \t<img alt=\"Avatar photo\" src=\"https:\/\/hostingpress.com.br\/wp-content\/uploads\/2026\/03\/cropped-Divilgacao-95x95.jpeg\"  height=\"95\" width=\"95\" decoding=\"async\">\t \t<\/p>\n<div>\n<p>Vinicius Moror\u00f3<\/p>\n<p>Editor-Executivo-Regional | Jornalista | Diretor Editorial    Editor-Executivo-Regional da HostingPress Ag\u00eancia de Not\u00edcias de S\u00e3o Paulo, com atua\u00e7\u00e3o voltada \u00e0 coordena\u00e7\u00e3o editorial regional, articula\u00e7\u00e3o com ve\u00edculos parceiros e fortalecimento da distribui\u00e7\u00e3o de conte\u00fado jornal\u00edstico no Estado de S\u00e3o Paulo.      Editor-chefe do Jornal Impacto Cotia, com foco em jornalismo investigativo, interesse p\u00fablico e an\u00e1lise cr\u00edtica de temas pol\u00edticos, sociais e institucionais.<\/p>\n<\/p><\/div>\n<\/section>\n","protected":false},"excerpt":{"rendered":"<p>Prazo maior amplia participa\u00e7\u00e3o da popula\u00e7\u00e3o em projeto de gest\u00e3o do espa\u00e7o O Governo de S\u00e3o Paulo prorrogou o prazo da consulta p\u00fablica sobre a concess\u00e3o do Complexo do Parque Ibirapuera, na zona sul da capital. A consulta tem como objetivo receber contribui\u00e7\u00f5es da popula\u00e7\u00e3o e de interessados sobre o projeto que trata da gest\u00e3o<\/p>\n","protected":false},"author":808,"featured_media":155618,"comment_status":"closed","ping_status":"closed","sticky":false,"template":"","format":"standard","meta":{"footnotes":""},"categories":[32,1],"tags":[],"class_list":{"0":"post-155617","1":"post","2":"type-post","3":"status-publish","4":"format-standard","5":"has-post-thumbnail","7":"category-brasil","8":"category-todas-noticias"},"_links":{"self":[{"href":"https:\/\/obuxixeiro.com.br\/index.php?rest_route=\/wp\/v2\/posts\/155617","targetHints":{"allow":["GET"]}}],"collection":[{"href":"https:\/\/obuxixeiro.com.br\/index.php?rest_route=\/wp\/v2\/posts"}],"about":[{"href":"https:\/\/obuxixeiro.com.br\/index.php?rest_route=\/wp\/v2\/types\/post"}],"author":[{"embeddable":true,"href":"https:\/\/obuxixeiro.com.br\/index.php?rest_route=\/wp\/v2\/users\/808"}],"replies":[{"embeddable":true,"href":"https:\/\/obuxixeiro.com.br\/index.php?rest_route=%2Fwp%2Fv2%2Fcomments&post=155617"}],"version-history":[{"count":0,"href":"https:\/\/obuxixeiro.com.br\/index.php?rest_route=\/wp\/v2\/posts\/155617\/revisions"}],"wp:featuredmedia":[{"embeddable":true,"href":"https:\/\/obuxixeiro.com.br\/index.php?rest_route=\/wp\/v2\/media\/155618"}],"wp:attachment":[{"href":"https:\/\/obuxixeiro.com.br\/index.php?rest_route=%2Fwp%2Fv2%2Fmedia&parent=155617"}],"wp:term":[{"taxonomy":"category","embeddable":true,"href":"https:\/\/obuxixeiro.com.br\/index.php?rest_route=%2Fwp%2Fv2%2Fcategories&post=155617"},{"taxonomy":"post_tag","embeddable":true,"href":"https:\/\/obuxixeiro.com.br\/index.php?rest_route=%2Fwp%2Fv2%2Ftags&post=155617"}],"curies":[{"name":"wp","href":"https:\/\/api.w.org\/{rel}","templated":true}]}}