{"id":155621,"date":"2026-04-24T11:42:02","date_gmt":"2026-04-24T14:42:02","guid":{"rendered":"https:\/\/obuxixeiro.com.br\/2026\/04\/24\/cinco-nomes-da-arte-mundial-nasceram-no-mesmo-dia-relembre-trajetorias-e-obras\/"},"modified":"2026-04-24T11:42:02","modified_gmt":"2026-04-24T14:42:02","slug":"cinco-nomes-da-arte-mundial-nasceram-no-mesmo-dia-relembre-trajetorias-e-obras","status":"publish","type":"post","link":"https:\/\/obuxixeiro.com.br\/?p=155621","title":{"rendered":"Cinco nomes da arte mundial nasceram no mesmo dia; relembre trajet\u00f3rias e obras"},"content":{"rendered":"\n<div>\n<p><strong>Pintores e m\u00fasicos como Vincent van Gogh e C\u00e9line Dion compartilham o anivers\u00e1rio em 30 de mar\u00e7o<\/strong><\/p>\n<p>O dia 30 de mar\u00e7o re\u00fane, no calend\u00e1rio, o nascimento de cinco nomes relevantes da arte mundial, entre eles refer\u00eancias da pintura e da m\u00fasica que marcaram diferentes \u00e9pocas e estilos.<\/p>\n<p>Entre os artistas est\u00e3o Vincent van Gogh, Eric Clapton, Francisco de Goya, C\u00e9line Dion e Tracy Chapman.<\/p>\n<p>A coincid\u00eancia re\u00fane artistas de diferentes per\u00edodos hist\u00f3ricos, com contribui\u00e7\u00f5es significativas tanto nas artes visuais quanto na m\u00fasica.<\/p>\n<p><strong>Pintura: legado de Van Gogh e Goya<\/strong><\/p>\n<p>Vincent van Gogh (1853\u20131890) \u00e9 considerado um dos principais nomes do p\u00f3s-impressionismo. Durante sua vida, enfrentou problemas de sa\u00fade mental e produziu algumas de suas obras mais conhecidas no fim da d\u00e9cada de 1880.<\/p>\n<p>Entre seus trabalhos est\u00e3o <em>A Noite Estrelada<\/em>, <em>Quarto em Arles<\/em> e a s\u00e9rie <em>Girass\u00f3is<\/em>. O reconhecimento de sua obra ocorreu principalmente ap\u00f3s sua morte.<\/p>\n<p>J\u00e1 Francisco de Goya (1746\u20131828) \u00e9 refer\u00eancia na pintura europeia, com destaque para retratos e obras que abordam temas sociais e hist\u00f3ricos. Seu estilo influenciou gera\u00e7\u00f5es posteriores de artistas.<\/p>\n<p><strong>M\u00fasica: carreiras consolidadas em diferentes estilos<\/strong><\/p>\n<p>Eric Clapton, nascido em 1945, construiu carreira marcada pela atua\u00e7\u00e3o em bandas como Cream e Derek and the Dominos, al\u00e9m de trajet\u00f3ria solo consolidada. Entre suas m\u00fasicas mais conhecidas est\u00e3o <em>Layla<\/em> e <em>Tears in Heaven<\/em>.<\/p>\n<p>C\u00e9line Dion ganhou proje\u00e7\u00e3o internacional com sucessos como <em>My Heart Will Go On<\/em>, tema do filme <em>Titanic<\/em>. Nos \u00faltimos anos, a artista tornou p\u00fablico o diagn\u00f3stico de uma condi\u00e7\u00e3o neurol\u00f3gica rara, o que impactou sua agenda de apresenta\u00e7\u00f5es.<\/p>\n<p>J\u00e1 Tracy Chapman se destacou com can\u00e7\u00f5es como <em>Fast Car<\/em> e <em>Baby Can I Hold You<\/em>, mantendo relev\u00e2ncia ao longo das d\u00e9cadas com repert\u00f3rio voltado a temas sociais e pessoais.<\/p>\n<p><strong>Coincid\u00eancia de datas re\u00fane diferentes gera\u00e7\u00f5es<\/strong><\/p>\n<p>A coincid\u00eancia do nascimento desses artistas em uma mesma data re\u00fane trajet\u00f3rias de per\u00edodos distintos, do s\u00e9culo XVIII ao contempor\u00e2neo, refletindo a diversidade de estilos e contextos culturais que marcaram a hist\u00f3ria da arte.<\/p>\n<p><strong>HostingPRESS Ag\u00eancia de Not\u00edcias de S\u00e3o Paulo<\/strong><br \/>Conte\u00fado distribu\u00eddo por nossa Central de Jornalismo<br \/>Reprodu\u00e7\u00e3o autorizada mediante cr\u00e9dito da fonte<\/p>\n<p>Portal criado para conectar os leitores da regi\u00e3o ao melhor conte\u00fado<\/p>\n<p>Somos l\u00edderes de audi\u00eancia local. Somos sociais.\u00a0Conecte-se conosco.<\/p>\n<\/p><\/div>\n<section>  \t<img alt=\"Avatar photo\" src=\"https:\/\/hostingpress.com.br\/wp-content\/uploads\/2026\/03\/cropped-Divilgacao-95x95.jpeg\"  height=\"95\" width=\"95\" decoding=\"async\">\t \t<\/p>\n<div>\n<p>Vinicius Moror\u00f3<\/p>\n<p>Editor-Executivo-Regional | Jornalista | Diretor Editorial    Editor-Executivo-Regional da HostingPress Ag\u00eancia de Not\u00edcias de S\u00e3o Paulo, com atua\u00e7\u00e3o voltada \u00e0 coordena\u00e7\u00e3o editorial regional, articula\u00e7\u00e3o com ve\u00edculos parceiros e fortalecimento da distribui\u00e7\u00e3o de conte\u00fado jornal\u00edstico no Estado de S\u00e3o Paulo.      Editor-chefe do Jornal Impacto Cotia, com foco em jornalismo investigativo, interesse p\u00fablico e an\u00e1lise cr\u00edtica de temas pol\u00edticos, sociais e institucionais.<\/p>\n<\/p><\/div>\n<\/section>\n","protected":false},"excerpt":{"rendered":"<p>Pintores e m\u00fasicos como Vincent van Gogh e C\u00e9line Dion compartilham o anivers\u00e1rio em 30 de mar\u00e7o O dia 30 de mar\u00e7o re\u00fane, no calend\u00e1rio, o nascimento de cinco nomes relevantes da arte mundial, entre eles refer\u00eancias da pintura e da m\u00fasica que marcaram diferentes \u00e9pocas e estilos. Entre os artistas est\u00e3o Vincent van Gogh,<\/p>\n","protected":false},"author":808,"featured_media":155622,"comment_status":"closed","ping_status":"closed","sticky":false,"template":"","format":"standard","meta":{"footnotes":""},"categories":[31],"tags":[],"class_list":{"0":"post-155621","1":"post","2":"type-post","3":"status-publish","4":"format-standard","5":"has-post-thumbnail","7":"category-mundo"},"_links":{"self":[{"href":"https:\/\/obuxixeiro.com.br\/index.php?rest_route=\/wp\/v2\/posts\/155621","targetHints":{"allow":["GET"]}}],"collection":[{"href":"https:\/\/obuxixeiro.com.br\/index.php?rest_route=\/wp\/v2\/posts"}],"about":[{"href":"https:\/\/obuxixeiro.com.br\/index.php?rest_route=\/wp\/v2\/types\/post"}],"author":[{"embeddable":true,"href":"https:\/\/obuxixeiro.com.br\/index.php?rest_route=\/wp\/v2\/users\/808"}],"replies":[{"embeddable":true,"href":"https:\/\/obuxixeiro.com.br\/index.php?rest_route=%2Fwp%2Fv2%2Fcomments&post=155621"}],"version-history":[{"count":0,"href":"https:\/\/obuxixeiro.com.br\/index.php?rest_route=\/wp\/v2\/posts\/155621\/revisions"}],"wp:featuredmedia":[{"embeddable":true,"href":"https:\/\/obuxixeiro.com.br\/index.php?rest_route=\/wp\/v2\/media\/155622"}],"wp:attachment":[{"href":"https:\/\/obuxixeiro.com.br\/index.php?rest_route=%2Fwp%2Fv2%2Fmedia&parent=155621"}],"wp:term":[{"taxonomy":"category","embeddable":true,"href":"https:\/\/obuxixeiro.com.br\/index.php?rest_route=%2Fwp%2Fv2%2Fcategories&post=155621"},{"taxonomy":"post_tag","embeddable":true,"href":"https:\/\/obuxixeiro.com.br\/index.php?rest_route=%2Fwp%2Fv2%2Ftags&post=155621"}],"curies":[{"name":"wp","href":"https:\/\/api.w.org\/{rel}","templated":true}]}}