{"id":155623,"date":"2026-04-24T11:42:01","date_gmt":"2026-04-24T14:42:01","guid":{"rendered":"https:\/\/obuxixeiro.com.br\/2026\/04\/24\/decisoes-nos-eua-e-nova-legislacao-no-brasil-reforcam-debate-sobre-seguranca-digital-de-criancas\/"},"modified":"2026-04-24T11:42:01","modified_gmt":"2026-04-24T14:42:01","slug":"decisoes-nos-eua-e-nova-legislacao-no-brasil-reforcam-debate-sobre-seguranca-digital-de-criancas","status":"publish","type":"post","link":"https:\/\/obuxixeiro.com.br\/?p=155623","title":{"rendered":"Decis\u00f5es nos EUA e nova legisla\u00e7\u00e3o no Brasil refor\u00e7am debate sobre seguran\u00e7a digital de crian\u00e7as"},"content":{"rendered":"\n<div>\n<p><strong>Julgamentos contra plataformas e entrada em vigor do ECA Digital ampliam responsabiliza\u00e7\u00e3o no ambiente online<\/strong><\/p>\n<p>A\u00e7\u00f5es ocorridas em mar\u00e7o de 2026 no Brasil e nos Estados Unidos ampliaram o debate sobre a responsabilidade das plataformas digitais na prote\u00e7\u00e3o de crian\u00e7as e adolescentes, com poss\u00edveis impactos globais no funcionamento da internet.<\/p>\n<p>Nos Estados Unidos, um j\u00fari em Santa Fe, no Novo M\u00e9xico, entendeu que a Meta, respons\u00e1vel por redes como Facebook, Instagram e WhatsApp, deve ser responsabilizada por n\u00e3o adotar medidas suficientes para evitar a exposi\u00e7\u00e3o de menores a conte\u00fados inadequados. A decis\u00e3o prev\u00ea pagamento de cerca de US$ 375 milh\u00f5es.<\/p>\n<p>Em outro julgamento, em Los Angeles, plataformas da Meta e do Google tamb\u00e9m foram responsabilizadas por mecanismos considerados capazes de estimular uso excessivo. Segundo a decis\u00e3o, recursos como rolagem infinita, notifica\u00e7\u00f5es constantes e recompensas digitais podem afetar o comportamento e a sa\u00fade mental dos usu\u00e1rios.<\/p>\n<p>No Brasil, entrou em vigor neste m\u00eas o chamado <strong>ECA Digital (Lei 15.211\/2025)<\/strong>, regulamentado por decreto federal, que estabelece novas obriga\u00e7\u00f5es para plataformas digitais na prote\u00e7\u00e3o de crian\u00e7as e adolescentes.<\/p>\n<p>Especialistas apontam que h\u00e1 converg\u00eancia entre as decis\u00f5es internacionais e a legisla\u00e7\u00e3o brasileira, com foco crescente na <strong>preven\u00e7\u00e3o de riscos e na responsabiliza\u00e7\u00e3o das empresas de tecnologia<\/strong>.<\/p>\n<p>Al\u00e9m do conte\u00fado publicado, o debate passa a considerar o pr\u00f3prio funcionamento das plataformas, incluindo algoritmos e mecanismos de engajamento que influenciam o tempo de uso.<\/p>\n<p>Segundo an\u00e1lises t\u00e9cnicas, esses sistemas s\u00e3o projetados para manter o usu\u00e1rio conectado pelo maior tempo poss\u00edvel, dentro do que \u00e9 chamado de \u201ceconomia da aten\u00e7\u00e3o\u201d, modelo que transforma engajamento em receita para as empresas.<\/p>\n<p>A legisla\u00e7\u00e3o brasileira determina que as plataformas adotem medidas preventivas, ofere\u00e7am ferramentas de controle parental e estruturem servi\u00e7os digitais adequados \u00e0 faixa et\u00e1ria dos usu\u00e1rios.<\/p>\n<p>O modelo tamb\u00e9m estabelece que a prote\u00e7\u00e3o no ambiente digital \u00e9 uma responsabilidade compartilhada entre <strong>Estado, empresas e fam\u00edlias<\/strong>, incluindo a supervis\u00e3o do uso por parte de respons\u00e1veis.<\/p>\n<p><strong>HostingPRESS Ag\u00eancia de Not\u00edcias de S\u00e3o Paulo<\/strong><br \/>Conte\u00fado distribu\u00eddo por nossa Central de Jornalismo<br \/>Reprodu\u00e7\u00e3o autorizada mediante cr\u00e9dito da fonte<\/p>\n<p>Portal criado para conectar os leitores da regi\u00e3o ao melhor conte\u00fado<\/p>\n<p>Somos l\u00edderes de audi\u00eancia local. Somos sociais.\u00a0Conecte-se conosco.<\/p>\n<\/p><\/div>\n<section>  \t<img alt=\"Avatar photo\" src=\"https:\/\/hostingpress.com.br\/wp-content\/uploads\/2026\/03\/cropped-Divilgacao-95x95.jpeg\"  height=\"95\" width=\"95\" decoding=\"async\">\t \t<\/p>\n<div>\n<p>Vinicius Moror\u00f3<\/p>\n<p>Editor-Executivo-Regional | Jornalista | Diretor Editorial    Editor-Executivo-Regional da HostingPress Ag\u00eancia de Not\u00edcias de S\u00e3o Paulo, com atua\u00e7\u00e3o voltada \u00e0 coordena\u00e7\u00e3o editorial regional, articula\u00e7\u00e3o com ve\u00edculos parceiros e fortalecimento da distribui\u00e7\u00e3o de conte\u00fado jornal\u00edstico no Estado de S\u00e3o Paulo.      Editor-chefe do Jornal Impacto Cotia, com foco em jornalismo investigativo, interesse p\u00fablico e an\u00e1lise cr\u00edtica de temas pol\u00edticos, sociais e institucionais.<\/p>\n<\/p><\/div>\n<\/section>\n","protected":false},"excerpt":{"rendered":"<p>Julgamentos contra plataformas e entrada em vigor do ECA Digital ampliam responsabiliza\u00e7\u00e3o no ambiente online A\u00e7\u00f5es ocorridas em mar\u00e7o de 2026 no Brasil e nos Estados Unidos ampliaram o debate sobre a responsabilidade das plataformas digitais na prote\u00e7\u00e3o de crian\u00e7as e adolescentes, com poss\u00edveis impactos globais no funcionamento da internet. Nos Estados Unidos, um j\u00fari<\/p>\n","protected":false},"author":808,"featured_media":155624,"comment_status":"closed","ping_status":"closed","sticky":false,"template":"","format":"standard","meta":{"footnotes":""},"categories":[31],"tags":[],"class_list":{"0":"post-155623","1":"post","2":"type-post","3":"status-publish","4":"format-standard","5":"has-post-thumbnail","7":"category-mundo"},"_links":{"self":[{"href":"https:\/\/obuxixeiro.com.br\/index.php?rest_route=\/wp\/v2\/posts\/155623","targetHints":{"allow":["GET"]}}],"collection":[{"href":"https:\/\/obuxixeiro.com.br\/index.php?rest_route=\/wp\/v2\/posts"}],"about":[{"href":"https:\/\/obuxixeiro.com.br\/index.php?rest_route=\/wp\/v2\/types\/post"}],"author":[{"embeddable":true,"href":"https:\/\/obuxixeiro.com.br\/index.php?rest_route=\/wp\/v2\/users\/808"}],"replies":[{"embeddable":true,"href":"https:\/\/obuxixeiro.com.br\/index.php?rest_route=%2Fwp%2Fv2%2Fcomments&post=155623"}],"version-history":[{"count":0,"href":"https:\/\/obuxixeiro.com.br\/index.php?rest_route=\/wp\/v2\/posts\/155623\/revisions"}],"wp:featuredmedia":[{"embeddable":true,"href":"https:\/\/obuxixeiro.com.br\/index.php?rest_route=\/wp\/v2\/media\/155624"}],"wp:attachment":[{"href":"https:\/\/obuxixeiro.com.br\/index.php?rest_route=%2Fwp%2Fv2%2Fmedia&parent=155623"}],"wp:term":[{"taxonomy":"category","embeddable":true,"href":"https:\/\/obuxixeiro.com.br\/index.php?rest_route=%2Fwp%2Fv2%2Fcategories&post=155623"},{"taxonomy":"post_tag","embeddable":true,"href":"https:\/\/obuxixeiro.com.br\/index.php?rest_route=%2Fwp%2Fv2%2Ftags&post=155623"}],"curies":[{"name":"wp","href":"https:\/\/api.w.org\/{rel}","templated":true}]}}