{"id":155627,"date":"2026-04-24T11:42:16","date_gmt":"2026-04-24T14:42:16","guid":{"rendered":"https:\/\/obuxixeiro.com.br\/2026\/04\/24\/pai-e-filha-sao-encontrados-mortos-dentro-de-casa-em-sao-paulo\/"},"modified":"2026-04-24T11:42:16","modified_gmt":"2026-04-24T14:42:16","slug":"pai-e-filha-sao-encontrados-mortos-dentro-de-casa-em-sao-paulo","status":"publish","type":"post","link":"https:\/\/obuxixeiro.com.br\/?p=155627","title":{"rendered":"Pai e filha s\u00e3o encontrados mortos dentro de casa em S\u00e3o Paulo"},"content":{"rendered":"\n<div>\n<p><strong>Corpos foram localizados ap\u00f3s dias sem contato com familiares<\/strong><\/p>\n<p>Um pai e sua filha foram encontrados mortos dentro de uma resid\u00eancia na cidade de S\u00e3o Paulo, ap\u00f3s dias sem contato com familiares.<\/p>\n<p>De acordo com as informa\u00e7\u00f5es, a aus\u00eancia de comunica\u00e7\u00e3o levou pessoas pr\u00f3ximas a acionarem a pol\u00edcia, que realizou o acesso ao im\u00f3vel e encontrou os corpos no local.<\/p>\n<p>O caso foi registrado e ser\u00e1 investigado para apurar as circunst\u00e2ncias das mortes.<\/p>\n<p>At\u00e9 o momento, n\u00e3o h\u00e1 confirma\u00e7\u00e3o oficial sobre a causa das mortes, nem indica\u00e7\u00e3o de crime divulgada pelas autoridades.<\/p>\n<p>Os corpos foram encaminhados para exames periciais, que devem auxiliar na identifica\u00e7\u00e3o das causas.<\/p>\n<p><strong>HostingPRESS Ag\u00eancia de Not\u00edcias de S\u00e3o Paulo<\/strong><br \/>Conte\u00fado distribu\u00eddo por nossa Central de Jornalismo<br \/>Reprodu\u00e7\u00e3o autorizada mediante cr\u00e9dito da fonte<\/p>\n<p>Portal criado para conectar os leitores da regi\u00e3o ao melhor conte\u00fado<\/p>\n<p>Somos l\u00edderes de audi\u00eancia local. Somos sociais.\u00a0Conecte-se conosco.<\/p>\n<\/p><\/div>\n<section>  \t<img alt=\"Avatar photo\" src=\"https:\/\/hostingpress.com.br\/wp-content\/uploads\/2026\/03\/cropped-Divilgacao-95x95.jpeg\"  height=\"95\" width=\"95\" decoding=\"async\">\t \t<\/p>\n<div>\n<p>Vinicius Moror\u00f3<\/p>\n<p>Editor-Executivo-Regional | Jornalista | Diretor Editorial    Editor-Executivo-Regional da HostingPress Ag\u00eancia de Not\u00edcias de S\u00e3o Paulo, com atua\u00e7\u00e3o voltada \u00e0 coordena\u00e7\u00e3o editorial regional, articula\u00e7\u00e3o com ve\u00edculos parceiros e fortalecimento da distribui\u00e7\u00e3o de conte\u00fado jornal\u00edstico no Estado de S\u00e3o Paulo.      Editor-chefe do Jornal Impacto Cotia, com foco em jornalismo investigativo, interesse p\u00fablico e an\u00e1lise cr\u00edtica de temas pol\u00edticos, sociais e institucionais.<\/p>\n<\/p><\/div>\n<\/section>\n","protected":false},"excerpt":{"rendered":"<p>Corpos foram localizados ap\u00f3s dias sem contato com familiares Um pai e sua filha foram encontrados mortos dentro de uma resid\u00eancia na cidade de S\u00e3o Paulo, ap\u00f3s dias sem contato com familiares. De acordo com as informa\u00e7\u00f5es, a aus\u00eancia de comunica\u00e7\u00e3o levou pessoas pr\u00f3ximas a acionarem a pol\u00edcia, que realizou o acesso ao im\u00f3vel e<\/p>\n","protected":false},"author":808,"featured_media":155628,"comment_status":"closed","ping_status":"closed","sticky":false,"template":"","format":"standard","meta":{"footnotes":""},"categories":[35],"tags":[],"class_list":{"0":"post-155627","1":"post","2":"type-post","3":"status-publish","4":"format-standard","5":"has-post-thumbnail","7":"category-cidades"},"_links":{"self":[{"href":"https:\/\/obuxixeiro.com.br\/index.php?rest_route=\/wp\/v2\/posts\/155627","targetHints":{"allow":["GET"]}}],"collection":[{"href":"https:\/\/obuxixeiro.com.br\/index.php?rest_route=\/wp\/v2\/posts"}],"about":[{"href":"https:\/\/obuxixeiro.com.br\/index.php?rest_route=\/wp\/v2\/types\/post"}],"author":[{"embeddable":true,"href":"https:\/\/obuxixeiro.com.br\/index.php?rest_route=\/wp\/v2\/users\/808"}],"replies":[{"embeddable":true,"href":"https:\/\/obuxixeiro.com.br\/index.php?rest_route=%2Fwp%2Fv2%2Fcomments&post=155627"}],"version-history":[{"count":0,"href":"https:\/\/obuxixeiro.com.br\/index.php?rest_route=\/wp\/v2\/posts\/155627\/revisions"}],"wp:featuredmedia":[{"embeddable":true,"href":"https:\/\/obuxixeiro.com.br\/index.php?rest_route=\/wp\/v2\/media\/155628"}],"wp:attachment":[{"href":"https:\/\/obuxixeiro.com.br\/index.php?rest_route=%2Fwp%2Fv2%2Fmedia&parent=155627"}],"wp:term":[{"taxonomy":"category","embeddable":true,"href":"https:\/\/obuxixeiro.com.br\/index.php?rest_route=%2Fwp%2Fv2%2Fcategories&post=155627"},{"taxonomy":"post_tag","embeddable":true,"href":"https:\/\/obuxixeiro.com.br\/index.php?rest_route=%2Fwp%2Fv2%2Ftags&post=155627"}],"curies":[{"name":"wp","href":"https:\/\/api.w.org\/{rel}","templated":true}]}}