{"id":155629,"date":"2026-04-24T11:42:15","date_gmt":"2026-04-24T14:42:15","guid":{"rendered":"https:\/\/obuxixeiro.com.br\/2026\/04\/24\/professor-desaparecido-ha-5-anos-e-encontrado-as-margens-de-rodovia-em-sp\/"},"modified":"2026-04-24T11:42:15","modified_gmt":"2026-04-24T14:42:15","slug":"professor-desaparecido-ha-5-anos-e-encontrado-as-margens-de-rodovia-em-sp","status":"publish","type":"post","link":"https:\/\/obuxixeiro.com.br\/?p=155629","title":{"rendered":"Professor desaparecido h\u00e1 5 anos \u00e9 encontrado \u00e0s margens de rodovia em SP"},"content":{"rendered":"\n<div>\n<p><strong>Localiza\u00e7\u00e3o ocorreu durante patrulhamento no interior do estado<\/strong><\/p>\n<p>Um professor universit\u00e1rio que estava desaparecido h\u00e1 cerca de cinco anos foi encontrado \u00e0s margens de uma rodovia no interior de S\u00e3o Paulo.<\/p>\n<p>De acordo com as informa\u00e7\u00f5es, a localiza\u00e7\u00e3o ocorreu durante uma a\u00e7\u00e3o de patrulhamento, quando agentes identificaram o homem e confirmaram sua condi\u00e7\u00e3o por meio de verifica\u00e7\u00e3o de dados.<\/p>\n<p>Ap\u00f3s o reconhecimento, o caso foi encaminhado para os procedimentos necess\u00e1rios, incluindo comunica\u00e7\u00e3o \u00e0s autoridades e familiares.<\/p>\n<p>O material indica que o professor estava em situa\u00e7\u00e3o de vulnerabilidade no momento em que foi encontrado.<\/p>\n<p>At\u00e9 o momento, n\u00e3o h\u00e1 informa\u00e7\u00f5es detalhadas sobre <strong>onde ele permaneceu durante o per\u00edodo de desaparecimento, nem as circunst\u00e2ncias que levaram \u00e0 situa\u00e7\u00e3o<\/strong>.<\/p>\n<p>Tamb\u00e9m n\u00e3o h\u00e1 confirma\u00e7\u00e3o de crime relacionado ao caso at\u00e9 agora.<\/p>\n<p><strong>HostingPRESS Ag\u00eancia de Not\u00edcias de S\u00e3o Paulo<\/strong><br \/>Conte\u00fado distribu\u00eddo por nossa Central de Jornalismo<br \/>Reprodu\u00e7\u00e3o autorizada mediante cr\u00e9dito da fonte<\/p>\n<p>Portal criado para conectar os leitores da regi\u00e3o ao melhor conte\u00fado<\/p>\n<p>Somos l\u00edderes de audi\u00eancia local. Somos sociais.\u00a0Conecte-se conosco.<\/p>\n<\/p><\/div>\n<section>  \t<img alt=\"Avatar photo\" src=\"https:\/\/hostingpress.com.br\/wp-content\/uploads\/2026\/03\/cropped-Divilgacao-95x95.jpeg\"  height=\"95\" width=\"95\" decoding=\"async\">\t \t<\/p>\n<div>\n<p>Vinicius Moror\u00f3<\/p>\n<p>Editor-Executivo-Regional | Jornalista | Diretor Editorial    Editor-Executivo-Regional da HostingPress Ag\u00eancia de Not\u00edcias de S\u00e3o Paulo, com atua\u00e7\u00e3o voltada \u00e0 coordena\u00e7\u00e3o editorial regional, articula\u00e7\u00e3o com ve\u00edculos parceiros e fortalecimento da distribui\u00e7\u00e3o de conte\u00fado jornal\u00edstico no Estado de S\u00e3o Paulo.      Editor-chefe do Jornal Impacto Cotia, com foco em jornalismo investigativo, interesse p\u00fablico e an\u00e1lise cr\u00edtica de temas pol\u00edticos, sociais e institucionais.<\/p>\n<\/p><\/div>\n<\/section>\n","protected":false},"excerpt":{"rendered":"<p>Localiza\u00e7\u00e3o ocorreu durante patrulhamento no interior do estado Um professor universit\u00e1rio que estava desaparecido h\u00e1 cerca de cinco anos foi encontrado \u00e0s margens de uma rodovia no interior de S\u00e3o Paulo. De acordo com as informa\u00e7\u00f5es, a localiza\u00e7\u00e3o ocorreu durante uma a\u00e7\u00e3o de patrulhamento, quando agentes identificaram o homem e confirmaram sua condi\u00e7\u00e3o por meio<\/p>\n","protected":false},"author":808,"featured_media":155630,"comment_status":"closed","ping_status":"closed","sticky":false,"template":"","format":"standard","meta":{"footnotes":""},"categories":[35],"tags":[],"class_list":{"0":"post-155629","1":"post","2":"type-post","3":"status-publish","4":"format-standard","5":"has-post-thumbnail","7":"category-cidades"},"_links":{"self":[{"href":"https:\/\/obuxixeiro.com.br\/index.php?rest_route=\/wp\/v2\/posts\/155629","targetHints":{"allow":["GET"]}}],"collection":[{"href":"https:\/\/obuxixeiro.com.br\/index.php?rest_route=\/wp\/v2\/posts"}],"about":[{"href":"https:\/\/obuxixeiro.com.br\/index.php?rest_route=\/wp\/v2\/types\/post"}],"author":[{"embeddable":true,"href":"https:\/\/obuxixeiro.com.br\/index.php?rest_route=\/wp\/v2\/users\/808"}],"replies":[{"embeddable":true,"href":"https:\/\/obuxixeiro.com.br\/index.php?rest_route=%2Fwp%2Fv2%2Fcomments&post=155629"}],"version-history":[{"count":0,"href":"https:\/\/obuxixeiro.com.br\/index.php?rest_route=\/wp\/v2\/posts\/155629\/revisions"}],"wp:featuredmedia":[{"embeddable":true,"href":"https:\/\/obuxixeiro.com.br\/index.php?rest_route=\/wp\/v2\/media\/155630"}],"wp:attachment":[{"href":"https:\/\/obuxixeiro.com.br\/index.php?rest_route=%2Fwp%2Fv2%2Fmedia&parent=155629"}],"wp:term":[{"taxonomy":"category","embeddable":true,"href":"https:\/\/obuxixeiro.com.br\/index.php?rest_route=%2Fwp%2Fv2%2Fcategories&post=155629"},{"taxonomy":"post_tag","embeddable":true,"href":"https:\/\/obuxixeiro.com.br\/index.php?rest_route=%2Fwp%2Fv2%2Ftags&post=155629"}],"curies":[{"name":"wp","href":"https:\/\/api.w.org\/{rel}","templated":true}]}}