{"id":155631,"date":"2026-04-24T11:42:14","date_gmt":"2026-04-24T14:42:14","guid":{"rendered":"https:\/\/obuxixeiro.com.br\/2026\/04\/24\/empresaria-morre-apos-cirurgias-esteticas-em-hospital-da-zona-sul-de-sp\/"},"modified":"2026-04-24T11:42:14","modified_gmt":"2026-04-24T14:42:14","slug":"empresaria-morre-apos-cirurgias-esteticas-em-hospital-da-zona-sul-de-sp","status":"publish","type":"post","link":"https:\/\/obuxixeiro.com.br\/?p=155631","title":{"rendered":"Empres\u00e1ria morre ap\u00f3s cirurgias est\u00e9ticas em hospital da zona sul de SP"},"content":{"rendered":"\n<div>\n<p><strong>Caso ocorreu em unidade privada e ser\u00e1 apurado pelas autoridades<\/strong><\/p>\n<p>Uma empres\u00e1ria morreu ap\u00f3s se submeter a procedimentos est\u00e9ticos em um hospital localizado na zona sul da capital paulista.<\/p>\n<p>De acordo com as informa\u00e7\u00f5es, a paciente passou por <strong>tr\u00eas cirurgias est\u00e9ticas<\/strong> antes de apresentar complica\u00e7\u00f5es que levaram ao \u00f3bito.<\/p>\n<p>O caso foi registrado e deve ser investigado para apurar as circunst\u00e2ncias da morte, incluindo a sequ\u00eancia dos procedimentos realizados e as condi\u00e7\u00f5es cl\u00ednicas da paciente.<\/p>\n<p>At\u00e9 o momento, n\u00e3o h\u00e1 confirma\u00e7\u00e3o oficial sobre a causa da morte nem indica\u00e7\u00e3o de irregularidade m\u00e9dica comprovada.<\/p>\n<p>O hospital informou que o caso est\u00e1 sendo analisado e que segue os protocolos exigidos, segundo o material divulgado.<\/p>\n<p><strong>HostingPRESS Ag\u00eancia de Not\u00edcias de S\u00e3o Paulo<\/strong><br \/>Conte\u00fado distribu\u00eddo por nossa Central de Jornalismo<br \/>Reprodu\u00e7\u00e3o autorizada mediante cr\u00e9dito da fonte<\/p>\n<p>Portal criado para conectar os leitores da regi\u00e3o ao melhor conte\u00fado<\/p>\n<p>Somos l\u00edderes de audi\u00eancia local. Somos sociais.\u00a0Conecte-se conosco.<\/p>\n<\/p><\/div>\n<section>  \t<img alt=\"Avatar photo\" src=\"https:\/\/hostingpress.com.br\/wp-content\/uploads\/2026\/03\/cropped-Divilgacao-95x95.jpeg\"  height=\"95\" width=\"95\" decoding=\"async\">\t \t<\/p>\n<div>\n<p>Vinicius Moror\u00f3<\/p>\n<p>Editor-Executivo-Regional | Jornalista | Diretor Editorial    Editor-Executivo-Regional da HostingPress Ag\u00eancia de Not\u00edcias de S\u00e3o Paulo, com atua\u00e7\u00e3o voltada \u00e0 coordena\u00e7\u00e3o editorial regional, articula\u00e7\u00e3o com ve\u00edculos parceiros e fortalecimento da distribui\u00e7\u00e3o de conte\u00fado jornal\u00edstico no Estado de S\u00e3o Paulo.      Editor-chefe do Jornal Impacto Cotia, com foco em jornalismo investigativo, interesse p\u00fablico e an\u00e1lise cr\u00edtica de temas pol\u00edticos, sociais e institucionais.<\/p>\n<\/p><\/div>\n<\/section>\n","protected":false},"excerpt":{"rendered":"<p>Caso ocorreu em unidade privada e ser\u00e1 apurado pelas autoridades Uma empres\u00e1ria morreu ap\u00f3s se submeter a procedimentos est\u00e9ticos em um hospital localizado na zona sul da capital paulista. De acordo com as informa\u00e7\u00f5es, a paciente passou por tr\u00eas cirurgias est\u00e9ticas antes de apresentar complica\u00e7\u00f5es que levaram ao \u00f3bito. O caso foi registrado e deve<\/p>\n","protected":false},"author":808,"featured_media":155632,"comment_status":"closed","ping_status":"closed","sticky":false,"template":"","format":"standard","meta":{"footnotes":""},"categories":[35],"tags":[],"class_list":{"0":"post-155631","1":"post","2":"type-post","3":"status-publish","4":"format-standard","5":"has-post-thumbnail","7":"category-cidades"},"_links":{"self":[{"href":"https:\/\/obuxixeiro.com.br\/index.php?rest_route=\/wp\/v2\/posts\/155631","targetHints":{"allow":["GET"]}}],"collection":[{"href":"https:\/\/obuxixeiro.com.br\/index.php?rest_route=\/wp\/v2\/posts"}],"about":[{"href":"https:\/\/obuxixeiro.com.br\/index.php?rest_route=\/wp\/v2\/types\/post"}],"author":[{"embeddable":true,"href":"https:\/\/obuxixeiro.com.br\/index.php?rest_route=\/wp\/v2\/users\/808"}],"replies":[{"embeddable":true,"href":"https:\/\/obuxixeiro.com.br\/index.php?rest_route=%2Fwp%2Fv2%2Fcomments&post=155631"}],"version-history":[{"count":0,"href":"https:\/\/obuxixeiro.com.br\/index.php?rest_route=\/wp\/v2\/posts\/155631\/revisions"}],"wp:featuredmedia":[{"embeddable":true,"href":"https:\/\/obuxixeiro.com.br\/index.php?rest_route=\/wp\/v2\/media\/155632"}],"wp:attachment":[{"href":"https:\/\/obuxixeiro.com.br\/index.php?rest_route=%2Fwp%2Fv2%2Fmedia&parent=155631"}],"wp:term":[{"taxonomy":"category","embeddable":true,"href":"https:\/\/obuxixeiro.com.br\/index.php?rest_route=%2Fwp%2Fv2%2Fcategories&post=155631"},{"taxonomy":"post_tag","embeddable":true,"href":"https:\/\/obuxixeiro.com.br\/index.php?rest_route=%2Fwp%2Fv2%2Ftags&post=155631"}],"curies":[{"name":"wp","href":"https:\/\/api.w.org\/{rel}","templated":true}]}}