{"id":155633,"date":"2026-04-24T11:42:32","date_gmt":"2026-04-24T14:42:32","guid":{"rendered":"https:\/\/obuxixeiro.com.br\/2026\/04\/24\/policia-rodoviaria-localiza-professor-desaparecido-ha-5-anos-no-interior-de-sp\/"},"modified":"2026-04-24T11:42:32","modified_gmt":"2026-04-24T14:42:32","slug":"policia-rodoviaria-localiza-professor-desaparecido-ha-5-anos-no-interior-de-sp","status":"publish","type":"post","link":"https:\/\/obuxixeiro.com.br\/?p=155633","title":{"rendered":"Pol\u00edcia Rodovi\u00e1ria localiza professor desaparecido h\u00e1 5 anos no interior de SP"},"content":{"rendered":"\n<div>\n<p><strong>Homem foi encontrado durante abordagem e caso ser\u00e1 apurado<\/strong><\/p>\n<p><strong>A Pol\u00edcia Rodovi\u00e1ria localizou um professor universit\u00e1rio que estava desaparecido h\u00e1 cerca de cinco anos no interior de S\u00e3o Paulo.<\/strong><\/p>\n<p><strong>De acordo com as informa\u00e7\u00f5es, o homem foi encontrado durante uma abordagem de rotina realizada por agentes rodovi\u00e1rios. A identifica\u00e7\u00e3o ocorreu ap\u00f3s verifica\u00e7\u00e3o dos dados do abordado.<\/strong><\/p>\n<p><strong>Ap\u00f3s a confirma\u00e7\u00e3o, o caso foi encaminhado para os procedimentos necess\u00e1rios, incluindo comunica\u00e7\u00e3o \u00e0s autoridades competentes e familiares.<\/strong><\/p>\n<p><strong>O material n\u00e3o detalha as circunst\u00e2ncias do desaparecimento, onde o professor permaneceu durante o per\u00edodo nem seu estado de sa\u00fade, informa\u00e7\u00f5es que ainda devem ser esclarecidas.<\/strong><\/p>\n<p><strong>Tamb\u00e9m n\u00e3o h\u00e1 indica\u00e7\u00e3o de crime confirmado relacionado ao desaparecimento at\u00e9 o momento.<\/strong><\/p>\n<p><strong>HostingPRESS Ag\u00eancia de Not\u00edcias de S\u00e3o Paulo<\/strong><br \/>Conte\u00fado distribu\u00eddo por nossa Central de Jornalismo<br \/>Reprodu\u00e7\u00e3o autorizada mediante cr\u00e9dito da fonte<\/p>\n<p>Portal criado para conectar os leitores da regi\u00e3o ao melhor conte\u00fado<\/p>\n<p>Somos l\u00edderes de audi\u00eancia local. Somos sociais.\u00a0Conecte-se conosco.<\/p>\n<\/p><\/div>\n<section>  \t<img alt=\"Avatar photo\" src=\"https:\/\/hostingpress.com.br\/wp-content\/uploads\/2026\/03\/cropped-Divilgacao-95x95.jpeg\"  height=\"95\" width=\"95\" decoding=\"async\">\t \t<\/p>\n<div>\n<p>Vinicius Moror\u00f3<\/p>\n<p>Editor-Executivo-Regional | Jornalista | Diretor Editorial    Editor-Executivo-Regional da HostingPress Ag\u00eancia de Not\u00edcias de S\u00e3o Paulo, com atua\u00e7\u00e3o voltada \u00e0 coordena\u00e7\u00e3o editorial regional, articula\u00e7\u00e3o com ve\u00edculos parceiros e fortalecimento da distribui\u00e7\u00e3o de conte\u00fado jornal\u00edstico no Estado de S\u00e3o Paulo.      Editor-chefe do Jornal Impacto Cotia, com foco em jornalismo investigativo, interesse p\u00fablico e an\u00e1lise cr\u00edtica de temas pol\u00edticos, sociais e institucionais.<\/p>\n<\/p><\/div>\n<\/section>\n","protected":false},"excerpt":{"rendered":"<p>Homem foi encontrado durante abordagem e caso ser\u00e1 apurado A Pol\u00edcia Rodovi\u00e1ria localizou um professor universit\u00e1rio que estava desaparecido h\u00e1 cerca de cinco anos no interior de S\u00e3o Paulo. De acordo com as informa\u00e7\u00f5es, o homem foi encontrado durante uma abordagem de rotina realizada por agentes rodovi\u00e1rios. A identifica\u00e7\u00e3o ocorreu ap\u00f3s verifica\u00e7\u00e3o dos dados do<\/p>\n","protected":false},"author":159,"featured_media":155634,"comment_status":"closed","ping_status":"closed","sticky":false,"template":"","format":"standard","meta":{"footnotes":""},"categories":[34],"tags":[],"class_list":{"0":"post-155633","1":"post","2":"type-post","3":"status-publish","4":"format-standard","5":"has-post-thumbnail","7":"category-policia"},"_links":{"self":[{"href":"https:\/\/obuxixeiro.com.br\/index.php?rest_route=\/wp\/v2\/posts\/155633","targetHints":{"allow":["GET"]}}],"collection":[{"href":"https:\/\/obuxixeiro.com.br\/index.php?rest_route=\/wp\/v2\/posts"}],"about":[{"href":"https:\/\/obuxixeiro.com.br\/index.php?rest_route=\/wp\/v2\/types\/post"}],"author":[{"embeddable":true,"href":"https:\/\/obuxixeiro.com.br\/index.php?rest_route=\/wp\/v2\/users\/159"}],"replies":[{"embeddable":true,"href":"https:\/\/obuxixeiro.com.br\/index.php?rest_route=%2Fwp%2Fv2%2Fcomments&post=155633"}],"version-history":[{"count":0,"href":"https:\/\/obuxixeiro.com.br\/index.php?rest_route=\/wp\/v2\/posts\/155633\/revisions"}],"wp:featuredmedia":[{"embeddable":true,"href":"https:\/\/obuxixeiro.com.br\/index.php?rest_route=\/wp\/v2\/media\/155634"}],"wp:attachment":[{"href":"https:\/\/obuxixeiro.com.br\/index.php?rest_route=%2Fwp%2Fv2%2Fmedia&parent=155633"}],"wp:term":[{"taxonomy":"category","embeddable":true,"href":"https:\/\/obuxixeiro.com.br\/index.php?rest_route=%2Fwp%2Fv2%2Fcategories&post=155633"},{"taxonomy":"post_tag","embeddable":true,"href":"https:\/\/obuxixeiro.com.br\/index.php?rest_route=%2Fwp%2Fv2%2Ftags&post=155633"}],"curies":[{"name":"wp","href":"https:\/\/api.w.org\/{rel}","templated":true}]}}