{"id":155635,"date":"2026-04-24T11:42:31","date_gmt":"2026-04-24T14:42:31","guid":{"rendered":"https:\/\/obuxixeiro.com.br\/2026\/04\/24\/influenciador-e-internado-em-uti-apos-agressao-em-evento-universitario-no-interior-de-sp\/"},"modified":"2026-04-24T11:42:31","modified_gmt":"2026-04-24T14:42:31","slug":"influenciador-e-internado-em-uti-apos-agressao-em-evento-universitario-no-interior-de-sp","status":"publish","type":"post","link":"https:\/\/obuxixeiro.com.br\/?p=155635","title":{"rendered":"Influenciador \u00e9 internado em UTI ap\u00f3s agress\u00e3o em evento universit\u00e1rio no interior de SP"},"content":{"rendered":"\n<div>\n<p><strong>Caso ocorreu durante festa e est\u00e1 sob investiga\u00e7\u00e3o<\/strong><\/p>\n<p>Um influenciador digital foi internado em estado grave ap\u00f3s ser agredido durante um evento universit\u00e1rio realizado em Sorocaba.<\/p>\n<p>De acordo com as informa\u00e7\u00f5es, a agress\u00e3o ocorreu durante uma festa, e a v\u00edtima precisou ser encaminhada a uma unidade hospitalar, onde foi internada em uma Unidade de Terapia Intensiva (UTI).<\/p>\n<p>O caso foi registrado pelas autoridades e est\u00e1 sob investiga\u00e7\u00e3o para apurar as circunst\u00e2ncias da agress\u00e3o e identificar os respons\u00e1veis.<\/p>\n<p>At\u00e9 o momento, n\u00e3o h\u00e1 confirma\u00e7\u00e3o sobre a motiva\u00e7\u00e3o do ataque nem sobre a identifica\u00e7\u00e3o oficial dos suspeitos envolvidos.<\/p>\n<p>Tamb\u00e9m n\u00e3o h\u00e1 detalhamento completo sobre o estado de sa\u00fade atualizado do influenciador al\u00e9m da interna\u00e7\u00e3o em estado grave.<\/p>\n<p><strong>HostingPRESS Ag\u00eancia de Not\u00edcias de S\u00e3o Paulo<\/strong><br \/>Conte\u00fado distribu\u00eddo por nossa Central de Jornalismo<br \/>Reprodu\u00e7\u00e3o autorizada mediante cr\u00e9dito da fonte<\/p>\n<p>Portal criado para conectar os leitores da regi\u00e3o ao melhor conte\u00fado<\/p>\n<p>Somos l\u00edderes de audi\u00eancia local. Somos sociais.\u00a0Conecte-se conosco.<\/p>\n<\/p><\/div>\n<section>  \t<img alt=\"Avatar photo\" src=\"https:\/\/hostingpress.com.br\/wp-content\/uploads\/2026\/03\/cropped-Divilgacao-95x95.jpeg\"  height=\"95\" width=\"95\" decoding=\"async\">\t \t<\/p>\n<div>\n<p>Vinicius Moror\u00f3<\/p>\n<p>Editor-Executivo-Regional | Jornalista | Diretor Editorial    Editor-Executivo-Regional da HostingPress Ag\u00eancia de Not\u00edcias de S\u00e3o Paulo, com atua\u00e7\u00e3o voltada \u00e0 coordena\u00e7\u00e3o editorial regional, articula\u00e7\u00e3o com ve\u00edculos parceiros e fortalecimento da distribui\u00e7\u00e3o de conte\u00fado jornal\u00edstico no Estado de S\u00e3o Paulo.      Editor-chefe do Jornal Impacto Cotia, com foco em jornalismo investigativo, interesse p\u00fablico e an\u00e1lise cr\u00edtica de temas pol\u00edticos, sociais e institucionais.<\/p>\n<\/p><\/div>\n<\/section>\n","protected":false},"excerpt":{"rendered":"<p>Caso ocorreu durante festa e est\u00e1 sob investiga\u00e7\u00e3o Um influenciador digital foi internado em estado grave ap\u00f3s ser agredido durante um evento universit\u00e1rio realizado em Sorocaba. De acordo com as informa\u00e7\u00f5es, a agress\u00e3o ocorreu durante uma festa, e a v\u00edtima precisou ser encaminhada a uma unidade hospitalar, onde foi internada em uma Unidade de Terapia<\/p>\n","protected":false},"author":34,"featured_media":155636,"comment_status":"closed","ping_status":"closed","sticky":false,"template":"","format":"standard","meta":{"footnotes":""},"categories":[34],"tags":[],"class_list":{"0":"post-155635","1":"post","2":"type-post","3":"status-publish","4":"format-standard","5":"has-post-thumbnail","7":"category-policia"},"_links":{"self":[{"href":"https:\/\/obuxixeiro.com.br\/index.php?rest_route=\/wp\/v2\/posts\/155635","targetHints":{"allow":["GET"]}}],"collection":[{"href":"https:\/\/obuxixeiro.com.br\/index.php?rest_route=\/wp\/v2\/posts"}],"about":[{"href":"https:\/\/obuxixeiro.com.br\/index.php?rest_route=\/wp\/v2\/types\/post"}],"author":[{"embeddable":true,"href":"https:\/\/obuxixeiro.com.br\/index.php?rest_route=\/wp\/v2\/users\/34"}],"replies":[{"embeddable":true,"href":"https:\/\/obuxixeiro.com.br\/index.php?rest_route=%2Fwp%2Fv2%2Fcomments&post=155635"}],"version-history":[{"count":0,"href":"https:\/\/obuxixeiro.com.br\/index.php?rest_route=\/wp\/v2\/posts\/155635\/revisions"}],"wp:featuredmedia":[{"embeddable":true,"href":"https:\/\/obuxixeiro.com.br\/index.php?rest_route=\/wp\/v2\/media\/155636"}],"wp:attachment":[{"href":"https:\/\/obuxixeiro.com.br\/index.php?rest_route=%2Fwp%2Fv2%2Fmedia&parent=155635"}],"wp:term":[{"taxonomy":"category","embeddable":true,"href":"https:\/\/obuxixeiro.com.br\/index.php?rest_route=%2Fwp%2Fv2%2Fcategories&post=155635"},{"taxonomy":"post_tag","embeddable":true,"href":"https:\/\/obuxixeiro.com.br\/index.php?rest_route=%2Fwp%2Fv2%2Ftags&post=155635"}],"curies":[{"name":"wp","href":"https:\/\/api.w.org\/{rel}","templated":true}]}}