{"id":155637,"date":"2026-04-24T11:42:30","date_gmt":"2026-04-24T14:42:30","guid":{"rendered":"https:\/\/obuxixeiro.com.br\/2026\/04\/24\/predio-na-rua-oscar-freire-e-interditado-apos-risco-estrutural-e-falhas-de-seguranca-em-sp\/"},"modified":"2026-04-24T11:42:30","modified_gmt":"2026-04-24T14:42:30","slug":"predio-na-rua-oscar-freire-e-interditado-apos-risco-estrutural-e-falhas-de-seguranca-em-sp","status":"publish","type":"post","link":"https:\/\/obuxixeiro.com.br\/?p=155637","title":{"rendered":"Pr\u00e9dio na Rua Oscar Freire \u00e9 interditado ap\u00f3s risco estrutural e falhas de seguran\u00e7a em SP"},"content":{"rendered":"\n<div>\n<p><strong>Im\u00f3vel apresenta problemas el\u00e9tricos e aus\u00eancia de equipamentos obrigat\u00f3rios<\/strong><\/p>\n<p>Um pr\u00e9dio localizado na Rua Oscar Freire, na regi\u00e3o dos Jardins, foi interditado ap\u00f3s a identifica\u00e7\u00e3o de risco estrutural e irregularidades relacionadas \u00e0 seguran\u00e7a.<\/p>\n<p>De acordo com as informa\u00e7\u00f5es, o im\u00f3vel apresenta fia\u00e7\u00e3o exposta e aus\u00eancia de extintores de inc\u00eandio, al\u00e9m de outros problemas que colocam em risco a integridade de quem circula pelo local.<\/p>\n<p>A situa\u00e7\u00e3o foi constatada durante vistoria, e o pr\u00e9dio acabou sendo interditado por \u00f3rg\u00e3os respons\u00e1veis ap\u00f3s a identifica\u00e7\u00e3o das falhas.<\/p>\n<p>Imagens registradas mostram o estado de deteriora\u00e7\u00e3o do im\u00f3vel, incluindo estruturas comprometidas e condi\u00e7\u00f5es inadequadas de manuten\u00e7\u00e3o.<\/p>\n<p>Apesar da gravidade dos problemas, o material n\u00e3o detalha h\u00e1 quanto tempo o pr\u00e9dio apresenta essas condi\u00e7\u00f5es, se h\u00e1 respons\u00e1veis identificados nem quais medidas ser\u00e3o adotadas para corre\u00e7\u00e3o das irregularidades.<\/p>\n<p><strong>HostingPRESS Ag\u00eancia de Not\u00edcias de S\u00e3o Paulo<\/strong><br \/>Conte\u00fado distribu\u00eddo por nossa Central de Jornalismo<br \/>Reprodu\u00e7\u00e3o autorizada mediante cr\u00e9dito da fonte<\/p>\n<p>Portal criado para conectar os leitores da regi\u00e3o ao melhor conte\u00fado<\/p>\n<p>Somos l\u00edderes de audi\u00eancia local. Somos sociais.\u00a0Conecte-se conosco.<\/p>\n<\/p><\/div>\n<section>  \t<img alt=\"Avatar photo\" src=\"https:\/\/hostingpress.com.br\/wp-content\/uploads\/2026\/03\/cropped-Divilgacao-95x95.jpeg\"  height=\"95\" width=\"95\" decoding=\"async\">\t \t<\/p>\n<div>\n<p>Vinicius Moror\u00f3<\/p>\n<p>Editor-Executivo-Regional | Jornalista | Diretor Editorial    Editor-Executivo-Regional da HostingPress Ag\u00eancia de Not\u00edcias de S\u00e3o Paulo, com atua\u00e7\u00e3o voltada \u00e0 coordena\u00e7\u00e3o editorial regional, articula\u00e7\u00e3o com ve\u00edculos parceiros e fortalecimento da distribui\u00e7\u00e3o de conte\u00fado jornal\u00edstico no Estado de S\u00e3o Paulo.      Editor-chefe do Jornal Impacto Cotia, com foco em jornalismo investigativo, interesse p\u00fablico e an\u00e1lise cr\u00edtica de temas pol\u00edticos, sociais e institucionais.<\/p>\n<\/p><\/div>\n<\/section>\n","protected":false},"excerpt":{"rendered":"<p>Im\u00f3vel apresenta problemas el\u00e9tricos e aus\u00eancia de equipamentos obrigat\u00f3rios Um pr\u00e9dio localizado na Rua Oscar Freire, na regi\u00e3o dos Jardins, foi interditado ap\u00f3s a identifica\u00e7\u00e3o de risco estrutural e irregularidades relacionadas \u00e0 seguran\u00e7a. De acordo com as informa\u00e7\u00f5es, o im\u00f3vel apresenta fia\u00e7\u00e3o exposta e aus\u00eancia de extintores de inc\u00eandio, al\u00e9m de outros problemas que colocam<\/p>\n","protected":false},"author":159,"featured_media":155638,"comment_status":"closed","ping_status":"closed","sticky":false,"template":"","format":"standard","meta":{"footnotes":""},"categories":[34],"tags":[],"class_list":{"0":"post-155637","1":"post","2":"type-post","3":"status-publish","4":"format-standard","5":"has-post-thumbnail","7":"category-policia"},"_links":{"self":[{"href":"https:\/\/obuxixeiro.com.br\/index.php?rest_route=\/wp\/v2\/posts\/155637","targetHints":{"allow":["GET"]}}],"collection":[{"href":"https:\/\/obuxixeiro.com.br\/index.php?rest_route=\/wp\/v2\/posts"}],"about":[{"href":"https:\/\/obuxixeiro.com.br\/index.php?rest_route=\/wp\/v2\/types\/post"}],"author":[{"embeddable":true,"href":"https:\/\/obuxixeiro.com.br\/index.php?rest_route=\/wp\/v2\/users\/159"}],"replies":[{"embeddable":true,"href":"https:\/\/obuxixeiro.com.br\/index.php?rest_route=%2Fwp%2Fv2%2Fcomments&post=155637"}],"version-history":[{"count":0,"href":"https:\/\/obuxixeiro.com.br\/index.php?rest_route=\/wp\/v2\/posts\/155637\/revisions"}],"wp:featuredmedia":[{"embeddable":true,"href":"https:\/\/obuxixeiro.com.br\/index.php?rest_route=\/wp\/v2\/media\/155638"}],"wp:attachment":[{"href":"https:\/\/obuxixeiro.com.br\/index.php?rest_route=%2Fwp%2Fv2%2Fmedia&parent=155637"}],"wp:term":[{"taxonomy":"category","embeddable":true,"href":"https:\/\/obuxixeiro.com.br\/index.php?rest_route=%2Fwp%2Fv2%2Fcategories&post=155637"},{"taxonomy":"post_tag","embeddable":true,"href":"https:\/\/obuxixeiro.com.br\/index.php?rest_route=%2Fwp%2Fv2%2Ftags&post=155637"}],"curies":[{"name":"wp","href":"https:\/\/api.w.org\/{rel}","templated":true}]}}