{"id":155639,"date":"2026-04-24T11:42:47","date_gmt":"2026-04-24T14:42:47","guid":{"rendered":"https:\/\/obuxixeiro.com.br\/2026\/04\/24\/prefeitura-quer-ampliar-horario-de-polo-turistico-inspirado-na-times-square-em-sp\/"},"modified":"2026-04-24T11:42:47","modified_gmt":"2026-04-24T14:42:47","slug":"prefeitura-quer-ampliar-horario-de-polo-turistico-inspirado-na-times-square-em-sp","status":"publish","type":"post","link":"https:\/\/obuxixeiro.com.br\/?p=155639","title":{"rendered":"Prefeitura quer ampliar hor\u00e1rio de polo tur\u00edstico inspirado na Times Square em SP"},"content":{"rendered":"\n<div>\n<p><strong>Proposta envolve \u00e1rea no centro da capital com atividades culturais e comerciais<\/strong><\/p>\n<p>A Prefeitura de S\u00e3o Paulo estuda ampliar o hor\u00e1rio de funcionamento do espa\u00e7o conhecido como \u201cTimes Square paulistana\u201d, instalado na regi\u00e3o central da capital.<\/p>\n<p>A proposta foi mencionada pelo prefeito Ricardo Nunes e envolve a extens\u00e3o das atividades no local, que re\u00fane pain\u00e9is digitais, programa\u00e7\u00e3o cultural e circula\u00e7\u00e3o de p\u00fablico.<\/p>\n<p>O projeto est\u00e1 concentrado no entorno da Avenida S\u00e3o Jo\u00e3o, \u00e1rea que vem sendo utilizada como polo de eventos e interven\u00e7\u00f5es urbanas com foco em turismo e revitaliza\u00e7\u00e3o do centro.<\/p>\n<p>Segundo a gest\u00e3o municipal, a ideia \u00e9 aumentar o tempo de funcionamento das atra\u00e7\u00f5es para estimular o fluxo de pessoas e a atividade econ\u00f4mica na regi\u00e3o.<\/p>\n<p><strong>O QUE \u00c9 A \u201cTIMES SQUARE PAULISTANA\u201d<\/strong><\/p>\n<p>O espa\u00e7o faz refer\u00eancia \u00e0 Times Square e foi criado como uma \u00e1rea com:<\/p>\n<ul>\n<li>tel\u00f5es digitais<\/li>\n<li>eventos culturais<\/li>\n<li>ilumina\u00e7\u00e3o urbana<\/li>\n<li>ocupa\u00e7\u00e3o noturna do centro<\/li>\n<\/ul>\n<p>\ud83d\udc49 objetivo: aumentar circula\u00e7\u00e3o e atratividade da regi\u00e3o central<\/p>\n<p><strong>HostingPRESS Ag\u00eancia de Not\u00edcias de S\u00e3o Paulo<\/strong><br \/>Conte\u00fado distribu\u00eddo por nossa Central de Jornalismo<br \/>Reprodu\u00e7\u00e3o autorizada mediante cr\u00e9dito da fonte<\/p>\n<p>Portal criado para conectar os leitores da regi\u00e3o ao melhor conte\u00fado<\/p>\n<p>Somos l\u00edderes de audi\u00eancia local. Somos sociais.\u00a0Conecte-se conosco.<\/p>\n<\/p><\/div>\n<section>  \t<img alt=\"Avatar photo\" src=\"https:\/\/hostingpress.com.br\/wp-content\/uploads\/2026\/03\/cropped-Divilgacao-95x95.jpeg\"  height=\"95\" width=\"95\" decoding=\"async\">\t \t<\/p>\n<div>\n<p>Vinicius Moror\u00f3<\/p>\n<p>Editor-Executivo-Regional | Jornalista | Diretor Editorial    Editor-Executivo-Regional da HostingPress Ag\u00eancia de Not\u00edcias de S\u00e3o Paulo, com atua\u00e7\u00e3o voltada \u00e0 coordena\u00e7\u00e3o editorial regional, articula\u00e7\u00e3o com ve\u00edculos parceiros e fortalecimento da distribui\u00e7\u00e3o de conte\u00fado jornal\u00edstico no Estado de S\u00e3o Paulo.      Editor-chefe do Jornal Impacto Cotia, com foco em jornalismo investigativo, interesse p\u00fablico e an\u00e1lise cr\u00edtica de temas pol\u00edticos, sociais e institucionais.<\/p>\n<\/p><\/div>\n<\/section>\n","protected":false},"excerpt":{"rendered":"<p>Proposta envolve \u00e1rea no centro da capital com atividades culturais e comerciais A Prefeitura de S\u00e3o Paulo estuda ampliar o hor\u00e1rio de funcionamento do espa\u00e7o conhecido como \u201cTimes Square paulistana\u201d, instalado na regi\u00e3o central da capital. A proposta foi mencionada pelo prefeito Ricardo Nunes e envolve a extens\u00e3o das atividades no local, que re\u00fane pain\u00e9is<\/p>\n","protected":false},"author":808,"featured_media":155640,"comment_status":"closed","ping_status":"closed","sticky":false,"template":"","format":"standard","meta":{"footnotes":""},"categories":[33],"tags":[],"class_list":{"0":"post-155639","1":"post","2":"type-post","3":"status-publish","4":"format-standard","5":"has-post-thumbnail","7":"category-politica"},"_links":{"self":[{"href":"https:\/\/obuxixeiro.com.br\/index.php?rest_route=\/wp\/v2\/posts\/155639","targetHints":{"allow":["GET"]}}],"collection":[{"href":"https:\/\/obuxixeiro.com.br\/index.php?rest_route=\/wp\/v2\/posts"}],"about":[{"href":"https:\/\/obuxixeiro.com.br\/index.php?rest_route=\/wp\/v2\/types\/post"}],"author":[{"embeddable":true,"href":"https:\/\/obuxixeiro.com.br\/index.php?rest_route=\/wp\/v2\/users\/808"}],"replies":[{"embeddable":true,"href":"https:\/\/obuxixeiro.com.br\/index.php?rest_route=%2Fwp%2Fv2%2Fcomments&post=155639"}],"version-history":[{"count":0,"href":"https:\/\/obuxixeiro.com.br\/index.php?rest_route=\/wp\/v2\/posts\/155639\/revisions"}],"wp:featuredmedia":[{"embeddable":true,"href":"https:\/\/obuxixeiro.com.br\/index.php?rest_route=\/wp\/v2\/media\/155640"}],"wp:attachment":[{"href":"https:\/\/obuxixeiro.com.br\/index.php?rest_route=%2Fwp%2Fv2%2Fmedia&parent=155639"}],"wp:term":[{"taxonomy":"category","embeddable":true,"href":"https:\/\/obuxixeiro.com.br\/index.php?rest_route=%2Fwp%2Fv2%2Fcategories&post=155639"},{"taxonomy":"post_tag","embeddable":true,"href":"https:\/\/obuxixeiro.com.br\/index.php?rest_route=%2Fwp%2Fv2%2Ftags&post=155639"}],"curies":[{"name":"wp","href":"https:\/\/api.w.org\/{rel}","templated":true}]}}