{"id":155643,"date":"2026-04-24T11:42:58","date_gmt":"2026-04-24T14:42:58","guid":{"rendered":"https:\/\/obuxixeiro.com.br\/2026\/04\/24\/governo-de-sp-abre-mil-vagas-para-cursos-gratuitos-na-area-de-cultura\/"},"modified":"2026-04-24T11:42:58","modified_gmt":"2026-04-24T14:42:58","slug":"governo-de-sp-abre-mil-vagas-para-cursos-gratuitos-na-area-de-cultura","status":"publish","type":"post","link":"https:\/\/obuxixeiro.com.br\/?p=155643","title":{"rendered":"Governo de SP abre mil vagas para cursos gratuitos na \u00e1rea de cultura"},"content":{"rendered":"\n<div>\n<p><strong>Inscri\u00e7\u00f5es s\u00e3o online e contemplam diversas regi\u00f5es do estado<\/strong><\/p>\n<p><strong>O Governo de S\u00e3o Paulo lan\u00e7ou mil vagas para cursos gratuitos de qualifica\u00e7\u00e3o na \u00e1rea cultural, por meio do programa CultSP Pro.<\/strong><\/p>\n<p><strong>As forma\u00e7\u00f5es s\u00e3o destinadas a pessoas interessadas em atuar em diferentes segmentos da economia criativa, com oferta distribu\u00edda em v\u00e1rias regi\u00f5es do estado.<\/strong><\/p>\n<p><strong>Os cursos s\u00e3o realizados em parceria com institui\u00e7\u00f5es especializadas e abrangem \u00e1reas ligadas \u00e0 produ\u00e7\u00e3o cultural, gest\u00e3o, t\u00e9cnicas art\u00edsticas e atividades do setor criativo.<\/strong><\/p>\n<p><strong>\ud83d\udccc INSCRI\u00c7\u00d5ES (ACESSO DIRETO)<\/strong><\/p>\n<p><strong>\ud83d\udc49 As inscri\u00e7\u00f5es devem ser feitas pela internet:<br \/><\/strong><strong>\ud83d\udd17 https:\/\/www.cultsppro.org.br<\/strong><\/p>\n<p><strong>\ud83d\udc49 Prazo e disponibilidade variam conforme o curso escolhido.<\/strong><\/p>\n<p><strong>\ud83d\udcda COMO FUNCIONAM OS CURSOS<\/strong><\/p>\n<ul>\n<li><strong>aulas gratuitas<\/strong><\/li>\n<li><strong>formato presencial ou h\u00edbrido (dependendo da unidade)<\/strong><\/li>\n<li><strong>foco em qualifica\u00e7\u00e3o profissional<\/strong><\/li>\n<li><strong>voltados \u00e0 inser\u00e7\u00e3o no mercado cultural<\/strong><\/li>\n<\/ul>\n<p><strong>HostingPRESS Ag\u00eancia de Not\u00edcias de S\u00e3o Paulo<\/strong><br \/>Conte\u00fado distribu\u00eddo por nossa Central de Jornalismo<br \/>Reprodu\u00e7\u00e3o autorizada mediante cr\u00e9dito da fonte<\/p>\n<p>Portal criado para conectar os leitores da regi\u00e3o ao melhor conte\u00fado<\/p>\n<p>Somos l\u00edderes de audi\u00eancia local. Somos sociais.\u00a0Conecte-se conosco.<\/p>\n<\/p><\/div>\n<section>  \t<img alt=\"Avatar photo\" src=\"https:\/\/hostingpress.com.br\/wp-content\/uploads\/2026\/03\/cropped-Divilgacao-95x95.jpeg\"  height=\"95\" width=\"95\" decoding=\"async\">\t \t<\/p>\n<div>\n<p>Vinicius Moror\u00f3<\/p>\n<p>Editor-Executivo-Regional | Jornalista | Diretor Editorial    Editor-Executivo-Regional da HostingPress Ag\u00eancia de Not\u00edcias de S\u00e3o Paulo, com atua\u00e7\u00e3o voltada \u00e0 coordena\u00e7\u00e3o editorial regional, articula\u00e7\u00e3o com ve\u00edculos parceiros e fortalecimento da distribui\u00e7\u00e3o de conte\u00fado jornal\u00edstico no Estado de S\u00e3o Paulo.      Editor-chefe do Jornal Impacto Cotia, com foco em jornalismo investigativo, interesse p\u00fablico e an\u00e1lise cr\u00edtica de temas pol\u00edticos, sociais e institucionais.<\/p>\n<\/p><\/div>\n<\/section>\n","protected":false},"excerpt":{"rendered":"<p>Inscri\u00e7\u00f5es s\u00e3o online e contemplam diversas regi\u00f5es do estado O Governo de S\u00e3o Paulo lan\u00e7ou mil vagas para cursos gratuitos de qualifica\u00e7\u00e3o na \u00e1rea cultural, por meio do programa CultSP Pro. As forma\u00e7\u00f5es s\u00e3o destinadas a pessoas interessadas em atuar em diferentes segmentos da economia criativa, com oferta distribu\u00edda em v\u00e1rias regi\u00f5es do estado. Os<\/p>\n","protected":false},"author":808,"featured_media":155644,"comment_status":"closed","ping_status":"closed","sticky":false,"template":"","format":"standard","meta":{"footnotes":""},"categories":[37],"tags":[],"class_list":{"0":"post-155643","1":"post","2":"type-post","3":"status-publish","4":"format-standard","5":"has-post-thumbnail","7":"category-educacao"},"_links":{"self":[{"href":"https:\/\/obuxixeiro.com.br\/index.php?rest_route=\/wp\/v2\/posts\/155643","targetHints":{"allow":["GET"]}}],"collection":[{"href":"https:\/\/obuxixeiro.com.br\/index.php?rest_route=\/wp\/v2\/posts"}],"about":[{"href":"https:\/\/obuxixeiro.com.br\/index.php?rest_route=\/wp\/v2\/types\/post"}],"author":[{"embeddable":true,"href":"https:\/\/obuxixeiro.com.br\/index.php?rest_route=\/wp\/v2\/users\/808"}],"replies":[{"embeddable":true,"href":"https:\/\/obuxixeiro.com.br\/index.php?rest_route=%2Fwp%2Fv2%2Fcomments&post=155643"}],"version-history":[{"count":0,"href":"https:\/\/obuxixeiro.com.br\/index.php?rest_route=\/wp\/v2\/posts\/155643\/revisions"}],"wp:featuredmedia":[{"embeddable":true,"href":"https:\/\/obuxixeiro.com.br\/index.php?rest_route=\/wp\/v2\/media\/155644"}],"wp:attachment":[{"href":"https:\/\/obuxixeiro.com.br\/index.php?rest_route=%2Fwp%2Fv2%2Fmedia&parent=155643"}],"wp:term":[{"taxonomy":"category","embeddable":true,"href":"https:\/\/obuxixeiro.com.br\/index.php?rest_route=%2Fwp%2Fv2%2Fcategories&post=155643"},{"taxonomy":"post_tag","embeddable":true,"href":"https:\/\/obuxixeiro.com.br\/index.php?rest_route=%2Fwp%2Fv2%2Ftags&post=155643"}],"curies":[{"name":"wp","href":"https:\/\/api.w.org\/{rel}","templated":true}]}}