{"id":155647,"date":"2026-04-24T11:43:04","date_gmt":"2026-04-24T14:43:04","guid":{"rendered":"https:\/\/obuxixeiro.com.br\/2026\/04\/24\/obras-do-trem-intercidades-avancam-em-vinhedo-com-visita-de-tarcisio\/"},"modified":"2026-04-24T11:43:04","modified_gmt":"2026-04-24T14:43:04","slug":"obras-do-trem-intercidades-avancam-em-vinhedo-com-visita-de-tarcisio","status":"publish","type":"post","link":"https:\/\/obuxixeiro.com.br\/?p=155647","title":{"rendered":"Obras do Trem Intercidades avan\u00e7am em Vinhedo com visita de Tarc\u00edsio"},"content":{"rendered":"\n<div>\n<p><strong>Projeto ferrovi\u00e1rio entre S\u00e3o Paulo e Campinas entra em fase inicial e prev\u00ea opera\u00e7\u00e3o a partir de 2031<\/strong><\/p>\n<p>O governador de S\u00e3o Paulo, Tarc\u00edsio de Freitas, visitou nesta <strong>quarta-feira (8)<\/strong> as obras do Trem Intercidades (TIC) Eixo Norte, no munic\u00edpio de Vinhedo. A agenda ocorreu em \u00e1rea de implanta\u00e7\u00e3o do projeto ferrovi\u00e1rio que pretende conectar a capital paulista \u00e0 regi\u00e3o de Campinas.<\/p>\n<p>As interven\u00e7\u00f5es come\u00e7aram no fim de <strong>mar\u00e7o de 2026<\/strong> e est\u00e3o concentradas, neste momento, no trecho entre Campinas e Jundia\u00ed, com servi\u00e7os iniciais de prepara\u00e7\u00e3o do terreno e estrutura b\u00e1sica.<\/p>\n<p><strong>Obras em fase inicial<\/strong><\/p>\n<p>Nesta etapa, est\u00e3o em execu\u00e7\u00e3o atividades como implanta\u00e7\u00e3o de canteiros, terraplenagem, conten\u00e7\u00f5es e constru\u00e7\u00e3o de estruturas de apoio. Tamb\u00e9m est\u00e1 prevista a constru\u00e7\u00e3o de uma passagem inferior \u00e0 ferrovia para travessia de ve\u00edculos, al\u00e9m da remo\u00e7\u00e3o de interfer\u00eancias no trajeto.<\/p>\n<p>O projeto \u00e9 conduzido pela empresa TIC Trens, respons\u00e1vel pela implanta\u00e7\u00e3o e futura opera\u00e7\u00e3o do sistema.<\/p>\n<p><strong>Tr\u00eas servi\u00e7os integrados<\/strong><\/p>\n<p>O TIC Eixo Norte est\u00e1 estruturado em tr\u00eas modalidades de transporte ferrovi\u00e1rio:<\/p>\n<p><strong>Trem Intercidades (TIC)<\/strong><\/p>\n<p>O servi\u00e7o expresso ser\u00e1 o primeiro trem de m\u00e9dia velocidade do pa\u00eds, com velocidade de at\u00e9 <strong>140 km\/h<\/strong>. O trajeto entre S\u00e3o Paulo e Campinas ter\u00e1 cerca de <strong>101 km<\/strong>, com tempo estimado de <strong>64 minutos<\/strong>.<\/p>\n<p>A capacidade prevista \u00e9 de aproximadamente <strong>860 passageiros por viagem<\/strong>, com assentos marcados e espa\u00e7o para bagagens e bicicletas. A opera\u00e7\u00e3o est\u00e1 prevista para <strong>2031<\/strong>.<\/p>\n<p><strong>Trem Intermetropolitano (TIM)<\/strong><\/p>\n<p>Com in\u00edcio previsto para <strong>2029<\/strong>, o TIM ser\u00e1 um servi\u00e7o parador ligando Jundia\u00ed a Campinas em um percurso de <strong>44 km<\/strong>, com tempo estimado de <strong>33 minutos<\/strong>.<\/p>\n<p>O trajeto incluir\u00e1 paradas em cidades como Louveira, Vinhedo e Valinhos.<\/p>\n<p><strong>Moderniza\u00e7\u00e3o da Linha 7-Rubi<\/strong><\/p>\n<p>A Linha 7-Rubi, que atualmente liga a esta\u00e7\u00e3o Palmeiras-Barra Funda a Jundia\u00ed, ser\u00e1 modernizada e servir\u00e1 como base operacional dos novos servi\u00e7os.<\/p>\n<p><strong>Impacto regional e mobilidade<\/strong><\/p>\n<p>A proposta do projeto \u00e9 reduzir o tempo de deslocamento entre a capital e o interior, especialmente nos hor\u00e1rios de maior demanda, al\u00e9m de ampliar a oferta de transporte sobre trilhos.<\/p>\n<p>A estimativa \u00e9 que o sistema beneficie diretamente <strong>11 munic\u00edpios<\/strong> e atenda cerca de <strong>672 mil passageiros por dia<\/strong>.<\/p>\n<p>Tamb\u00e9m s\u00e3o previstos impactos econ\u00f4micos, como gera\u00e7\u00e3o de empregos e est\u00edmulo \u00e0 atividade econ\u00f4mica nas cidades atendidas.<\/p>\n<p><strong>HostingPRESS Ag\u00eancia de Not\u00edcias de S\u00e3o Paulo<\/strong><br \/>Conte\u00fado distribu\u00eddo por nossa Central de Jornalismo<br \/>Reprodu\u00e7\u00e3o autorizada mediante cr\u00e9dito da fonte<\/p>\n<p>Portal criado para conectar os leitores da regi\u00e3o ao melhor conte\u00fado<\/p>\n<p>Somos l\u00edderes de audi\u00eancia local. Somos sociais.\u00a0Conecte-se conosco.<\/p>\n<\/p><\/div>\n<section>  \t<img alt=\"Avatar photo\" src=\"https:\/\/hostingpress.com.br\/wp-content\/uploads\/2026\/03\/cropped-Divilgacao-95x95.jpeg\"  height=\"95\" width=\"95\" decoding=\"async\">\t \t<\/p>\n<div>\n<p>Vinicius Moror\u00f3<\/p>\n<p>Editor-Executivo-Regional | Jornalista | Diretor Editorial    Editor-Executivo-Regional da HostingPress Ag\u00eancia de Not\u00edcias de S\u00e3o Paulo, com atua\u00e7\u00e3o voltada \u00e0 coordena\u00e7\u00e3o editorial regional, articula\u00e7\u00e3o com ve\u00edculos parceiros e fortalecimento da distribui\u00e7\u00e3o de conte\u00fado jornal\u00edstico no Estado de S\u00e3o Paulo.      Editor-chefe do Jornal Impacto Cotia, com foco em jornalismo investigativo, interesse p\u00fablico e an\u00e1lise cr\u00edtica de temas pol\u00edticos, sociais e institucionais.<\/p>\n<\/p><\/div>\n<\/section>\n","protected":false},"excerpt":{"rendered":"<p>Projeto ferrovi\u00e1rio entre S\u00e3o Paulo e Campinas entra em fase inicial e prev\u00ea opera\u00e7\u00e3o a partir de 2031 O governador de S\u00e3o Paulo, Tarc\u00edsio de Freitas, visitou nesta quarta-feira (8) as obras do Trem Intercidades (TIC) Eixo Norte, no munic\u00edpio de Vinhedo. A agenda ocorreu em \u00e1rea de implanta\u00e7\u00e3o do projeto ferrovi\u00e1rio que pretende conectar<\/p>\n","protected":false},"author":808,"featured_media":155648,"comment_status":"closed","ping_status":"closed","sticky":false,"template":"","format":"standard","meta":{"footnotes":""},"categories":[41],"tags":[],"class_list":{"0":"post-155647","1":"post","2":"type-post","3":"status-publish","4":"format-standard","5":"has-post-thumbnail","7":"category-tecnologia"},"_links":{"self":[{"href":"https:\/\/obuxixeiro.com.br\/index.php?rest_route=\/wp\/v2\/posts\/155647","targetHints":{"allow":["GET"]}}],"collection":[{"href":"https:\/\/obuxixeiro.com.br\/index.php?rest_route=\/wp\/v2\/posts"}],"about":[{"href":"https:\/\/obuxixeiro.com.br\/index.php?rest_route=\/wp\/v2\/types\/post"}],"author":[{"embeddable":true,"href":"https:\/\/obuxixeiro.com.br\/index.php?rest_route=\/wp\/v2\/users\/808"}],"replies":[{"embeddable":true,"href":"https:\/\/obuxixeiro.com.br\/index.php?rest_route=%2Fwp%2Fv2%2Fcomments&post=155647"}],"version-history":[{"count":0,"href":"https:\/\/obuxixeiro.com.br\/index.php?rest_route=\/wp\/v2\/posts\/155647\/revisions"}],"wp:featuredmedia":[{"embeddable":true,"href":"https:\/\/obuxixeiro.com.br\/index.php?rest_route=\/wp\/v2\/media\/155648"}],"wp:attachment":[{"href":"https:\/\/obuxixeiro.com.br\/index.php?rest_route=%2Fwp%2Fv2%2Fmedia&parent=155647"}],"wp:term":[{"taxonomy":"category","embeddable":true,"href":"https:\/\/obuxixeiro.com.br\/index.php?rest_route=%2Fwp%2Fv2%2Fcategories&post=155647"},{"taxonomy":"post_tag","embeddable":true,"href":"https:\/\/obuxixeiro.com.br\/index.php?rest_route=%2Fwp%2Fv2%2Ftags&post=155647"}],"curies":[{"name":"wp","href":"https:\/\/api.w.org\/{rel}","templated":true}]}}