{"id":155649,"date":"2026-04-24T11:43:03","date_gmt":"2026-04-24T14:43:03","guid":{"rendered":"https:\/\/obuxixeiro.com.br\/2026\/04\/24\/governo-de-sp-amplia-cooperacao-com-municipios-em-congresso-sobre-gestao-e-inovacao\/"},"modified":"2026-04-24T11:43:03","modified_gmt":"2026-04-24T14:43:03","slug":"governo-de-sp-amplia-cooperacao-com-municipios-em-congresso-sobre-gestao-e-inovacao","status":"publish","type":"post","link":"https:\/\/obuxixeiro.com.br\/?p=155649","title":{"rendered":"Governo de SP amplia coopera\u00e7\u00e3o com munic\u00edpios em congresso sobre gest\u00e3o e inova\u00e7\u00e3o"},"content":{"rendered":"\n<div>\n<p><strong>Evento re\u00fane representantes para discutir pol\u00edticas p\u00fablicas e estrat\u00e9gias administrativas no estado<\/strong><\/p>\n<p>O Governo de S\u00e3o Paulo ampliou a <strong>coopera\u00e7\u00e3o com munic\u00edpios durante congresso voltado \u00e0 gest\u00e3o p\u00fablica, inova\u00e7\u00e3o e pol\u00edticas p\u00fablicas<\/strong>, reunindo representantes para discutir estrat\u00e9gias administrativas e integra\u00e7\u00e3o entre diferentes esferas. A iniciativa busca fortalecer a atua\u00e7\u00e3o conjunta no estado.<\/p>\n<p>Segundo informa\u00e7\u00f5es oficiais, o encontro promoveu debates sobre <strong>gest\u00e3o eficiente, inova\u00e7\u00e3o nos servi\u00e7os p\u00fablicos e desenvolvimento de pol\u00edticas p\u00fablicas<\/strong>, com participa\u00e7\u00e3o de gestores municipais e estaduais. A proposta \u00e9 alinhar a\u00e7\u00f5es e compartilhar experi\u00eancias entre administra\u00e7\u00f5es.<\/p>\n<p>O congresso tamb\u00e9m abordou mecanismos de coopera\u00e7\u00e3o institucional e pr\u00e1ticas que podem ser aplicadas nos munic\u00edpios, com foco na melhoria dos servi\u00e7os oferecidos \u00e0 popula\u00e7\u00e3o. A iniciativa integra a\u00e7\u00f5es do governo estadual para <strong>fortalecer a rela\u00e7\u00e3o com as prefeituras e ampliar a efici\u00eancia administrativa<\/strong>.<\/p>\n<p><strong>HostingPRESS Ag\u00eancia de Not\u00edcias de S\u00e3o Paulo<\/strong><br \/>Conte\u00fado distribu\u00eddo por nossa Central de Jornalismo<br \/>Reprodu\u00e7\u00e3o autorizada mediante cr\u00e9dito da fonte<\/p>\n<p>Portal criado para conectar os leitores da regi\u00e3o ao melhor conte\u00fado<\/p>\n<p>Somos l\u00edderes de audi\u00eancia local. Somos sociais.\u00a0Conecte-se conosco.<\/p>\n<\/p><\/div>\n<section>  \t<img alt=\"Avatar photo\" src=\"https:\/\/hostingpress.com.br\/wp-content\/uploads\/2026\/03\/cropped-Divilgacao-95x95.jpeg\"  height=\"95\" width=\"95\" decoding=\"async\">\t \t<\/p>\n<div>\n<p>Vinicius Moror\u00f3<\/p>\n<p>Editor-Executivo-Regional | Jornalista | Diretor Editorial    Editor-Executivo-Regional da HostingPress Ag\u00eancia de Not\u00edcias de S\u00e3o Paulo, com atua\u00e7\u00e3o voltada \u00e0 coordena\u00e7\u00e3o editorial regional, articula\u00e7\u00e3o com ve\u00edculos parceiros e fortalecimento da distribui\u00e7\u00e3o de conte\u00fado jornal\u00edstico no Estado de S\u00e3o Paulo.      Editor-chefe do Jornal Impacto Cotia, com foco em jornalismo investigativo, interesse p\u00fablico e an\u00e1lise cr\u00edtica de temas pol\u00edticos, sociais e institucionais.<\/p>\n<\/p><\/div>\n<\/section>\n","protected":false},"excerpt":{"rendered":"<p>Evento re\u00fane representantes para discutir pol\u00edticas p\u00fablicas e estrat\u00e9gias administrativas no estado O Governo de S\u00e3o Paulo ampliou a coopera\u00e7\u00e3o com munic\u00edpios durante congresso voltado \u00e0 gest\u00e3o p\u00fablica, inova\u00e7\u00e3o e pol\u00edticas p\u00fablicas, reunindo representantes para discutir estrat\u00e9gias administrativas e integra\u00e7\u00e3o entre diferentes esferas. A iniciativa busca fortalecer a atua\u00e7\u00e3o conjunta no estado. Segundo informa\u00e7\u00f5es oficiais,<\/p>\n","protected":false},"author":808,"featured_media":155650,"comment_status":"closed","ping_status":"closed","sticky":false,"template":"","format":"standard","meta":{"footnotes":""},"categories":[41],"tags":[],"class_list":{"0":"post-155649","1":"post","2":"type-post","3":"status-publish","4":"format-standard","5":"has-post-thumbnail","7":"category-tecnologia"},"_links":{"self":[{"href":"https:\/\/obuxixeiro.com.br\/index.php?rest_route=\/wp\/v2\/posts\/155649","targetHints":{"allow":["GET"]}}],"collection":[{"href":"https:\/\/obuxixeiro.com.br\/index.php?rest_route=\/wp\/v2\/posts"}],"about":[{"href":"https:\/\/obuxixeiro.com.br\/index.php?rest_route=\/wp\/v2\/types\/post"}],"author":[{"embeddable":true,"href":"https:\/\/obuxixeiro.com.br\/index.php?rest_route=\/wp\/v2\/users\/808"}],"replies":[{"embeddable":true,"href":"https:\/\/obuxixeiro.com.br\/index.php?rest_route=%2Fwp%2Fv2%2Fcomments&post=155649"}],"version-history":[{"count":0,"href":"https:\/\/obuxixeiro.com.br\/index.php?rest_route=\/wp\/v2\/posts\/155649\/revisions"}],"wp:featuredmedia":[{"embeddable":true,"href":"https:\/\/obuxixeiro.com.br\/index.php?rest_route=\/wp\/v2\/media\/155650"}],"wp:attachment":[{"href":"https:\/\/obuxixeiro.com.br\/index.php?rest_route=%2Fwp%2Fv2%2Fmedia&parent=155649"}],"wp:term":[{"taxonomy":"category","embeddable":true,"href":"https:\/\/obuxixeiro.com.br\/index.php?rest_route=%2Fwp%2Fv2%2Fcategories&post=155649"},{"taxonomy":"post_tag","embeddable":true,"href":"https:\/\/obuxixeiro.com.br\/index.php?rest_route=%2Fwp%2Fv2%2Ftags&post=155649"}],"curies":[{"name":"wp","href":"https:\/\/api.w.org\/{rel}","templated":true}]}}