{"id":155659,"date":"2026-04-22T22:59:00","date_gmt":"2026-04-23T01:59:00","guid":{"rendered":"https:\/\/obuxixeiro.com.br\/2026\/04\/22\/tempo-firme-predomina-em-sp-nesta-quinta-feira-23-com-manha-fria-e-tarde-ensolarada\/"},"modified":"2026-04-22T22:59:00","modified_gmt":"2026-04-23T01:59:00","slug":"tempo-firme-predomina-em-sp-nesta-quinta-feira-23-com-manha-fria-e-tarde-ensolarada","status":"publish","type":"post","link":"https:\/\/obuxixeiro.com.br\/?p=155659","title":{"rendered":"Tempo firme predomina em SP nesta quinta-feira (23), com manh\u00e3 fria e tarde ensolarada"},"content":{"rendered":"\n<div>\n<p><strong>Previs\u00e3o indica estabilidade clim\u00e1tica em todo o estado<\/strong><\/p>\n<p>O estado de S\u00e3o Paulo ter\u00e1 tempo firme nesta quinta-feira (23), com predom\u00ednio de sol e aus\u00eancia de chuva na maior parte das regi\u00f5es.<\/p>\n<p>De acordo com a previs\u00e3o, o dia come\u00e7a com temperaturas mais baixas durante a manh\u00e3, especialmente na capital e em \u00e1reas do interior, com eleva\u00e7\u00e3o gradual ao longo do dia.<\/p>\n<p>No per\u00edodo da tarde, o clima tende a ficar mais quente, com presen\u00e7a de sol e poucas nuvens, sem expectativa de mudan\u00e7as significativas no tempo.<\/p>\n<p>A estabilidade clim\u00e1tica ocorre devido \u00e0 atua\u00e7\u00e3o de um sistema que inibe a forma\u00e7\u00e3o de nuvens de chuva, mantendo o tempo seco.<\/p>\n<p><strong>\ud83c\udf21\ufe0f COMO FICA O TEMPO<\/strong><\/p>\n<ul>\n<li>manh\u00e3: fria, com temperaturas mais baixas<\/li>\n<li>tarde: sol predominante e eleva\u00e7\u00e3o da temperatura<\/li>\n<li>noite: clima ameno, sem previs\u00e3o de chuva<\/li>\n<\/ul>\n<p><strong>\u26a0\ufe0f PONTO DE ATEN\u00c7\u00c3O<\/strong><\/p>\n<ul>\n<li>baixa umidade do ar em algumas regi\u00f5es<\/li>\n<li>manh\u00e3s frias exigem aten\u00e7\u00e3o com mudan\u00e7as bruscas de temperatura<\/li>\n<li>tempo seco pode impactar sa\u00fade respirat\u00f3ria<\/li>\n<\/ul>\n<p><strong>HostingPRESS Ag\u00eancia de Not\u00edcias de S\u00e3o Paulo<\/strong><br \/>Conte\u00fado distribu\u00eddo por nossa Central de Jornalismo<br \/>Reprodu\u00e7\u00e3o autorizada mediante cr\u00e9dito da fonte<\/p>\n<p>Portal criado para conectar os leitores da regi\u00e3o ao melhor conte\u00fado<\/p>\n<p>Somos l\u00edderes de audi\u00eancia local. Somos sociais.\u00a0Conecte-se conosco.<\/p>\n<\/p><\/div>\n<section>  \t<img alt=\"Avatar photo\" src=\"https:\/\/hostingpress.com.br\/wp-content\/uploads\/2026\/03\/cropped-Divilgacao-95x95.jpeg\"  height=\"95\" width=\"95\" decoding=\"async\">\t \t<\/p>\n<div>\n<p>Vinicius Moror\u00f3<\/p>\n<p>Editor-Executivo-Regional | Jornalista | Diretor Editorial    Editor-Executivo-Regional da HostingPress Ag\u00eancia de Not\u00edcias de S\u00e3o Paulo, com atua\u00e7\u00e3o voltada \u00e0 coordena\u00e7\u00e3o editorial regional, articula\u00e7\u00e3o com ve\u00edculos parceiros e fortalecimento da distribui\u00e7\u00e3o de conte\u00fado jornal\u00edstico no Estado de S\u00e3o Paulo.      Editor-chefe do Jornal Impacto Cotia, com foco em jornalismo investigativo, interesse p\u00fablico e an\u00e1lise cr\u00edtica de temas pol\u00edticos, sociais e institucionais.<\/p>\n<\/p><\/div>\n<\/section>\n","protected":false},"excerpt":{"rendered":"<p>Previs\u00e3o indica estabilidade clim\u00e1tica em todo o estado O estado de S\u00e3o Paulo ter\u00e1 tempo firme nesta quinta-feira (23), com predom\u00ednio de sol e aus\u00eancia de chuva na maior parte das regi\u00f5es. De acordo com a previs\u00e3o, o dia come\u00e7a com temperaturas mais baixas durante a manh\u00e3, especialmente na capital e em \u00e1reas do interior,<\/p>\n","protected":false},"author":808,"featured_media":155660,"comment_status":"closed","ping_status":"closed","sticky":false,"template":"","format":"standard","meta":{"footnotes":""},"categories":[57,1],"tags":[],"class_list":{"0":"post-155659","1":"post","2":"type-post","3":"status-publish","4":"format-standard","5":"has-post-thumbnail","7":"category-noticias-do-estado","8":"category-todas-noticias"},"_links":{"self":[{"href":"https:\/\/obuxixeiro.com.br\/index.php?rest_route=\/wp\/v2\/posts\/155659","targetHints":{"allow":["GET"]}}],"collection":[{"href":"https:\/\/obuxixeiro.com.br\/index.php?rest_route=\/wp\/v2\/posts"}],"about":[{"href":"https:\/\/obuxixeiro.com.br\/index.php?rest_route=\/wp\/v2\/types\/post"}],"author":[{"embeddable":true,"href":"https:\/\/obuxixeiro.com.br\/index.php?rest_route=\/wp\/v2\/users\/808"}],"replies":[{"embeddable":true,"href":"https:\/\/obuxixeiro.com.br\/index.php?rest_route=%2Fwp%2Fv2%2Fcomments&post=155659"}],"version-history":[{"count":0,"href":"https:\/\/obuxixeiro.com.br\/index.php?rest_route=\/wp\/v2\/posts\/155659\/revisions"}],"wp:featuredmedia":[{"embeddable":true,"href":"https:\/\/obuxixeiro.com.br\/index.php?rest_route=\/wp\/v2\/media\/155660"}],"wp:attachment":[{"href":"https:\/\/obuxixeiro.com.br\/index.php?rest_route=%2Fwp%2Fv2%2Fmedia&parent=155659"}],"wp:term":[{"taxonomy":"category","embeddable":true,"href":"https:\/\/obuxixeiro.com.br\/index.php?rest_route=%2Fwp%2Fv2%2Fcategories&post=155659"},{"taxonomy":"post_tag","embeddable":true,"href":"https:\/\/obuxixeiro.com.br\/index.php?rest_route=%2Fwp%2Fv2%2Ftags&post=155659"}],"curies":[{"name":"wp","href":"https:\/\/api.w.org\/{rel}","templated":true}]}}