{"id":155663,"date":"2026-04-09T23:25:00","date_gmt":"2026-04-10T02:25:00","guid":{"rendered":"https:\/\/obuxixeiro.com.br\/2026\/04\/09\/nunes-abre-processo-para-encerrar-concessao-do-vale-do-anhangabau\/"},"modified":"2026-04-09T23:25:00","modified_gmt":"2026-04-10T02:25:00","slug":"nunes-abre-processo-para-encerrar-concessao-do-vale-do-anhangabau","status":"publish","type":"post","link":"https:\/\/obuxixeiro.com.br\/?p=155663","title":{"rendered":"Nunes abre processo para encerrar concess\u00e3o do Vale do Anhangaba\u00fa"},"content":{"rendered":"\n<div>\n<p><strong>Prefeitura de SP avalia rompimento de contrato ap\u00f3s questionamentos sobre gest\u00e3o do espa\u00e7o<\/strong><\/p>\n<p>O prefeito de S\u00e3o Paulo, Ricardo Nunes, afirmou que a gest\u00e3o municipal iniciou um processo para encerrar a concess\u00e3o do Vale do Anhangaba\u00fa, no centro da capital. A informa\u00e7\u00e3o foi divulgada em reportagem do Estad\u00e3o.<\/p>\n<p>Segundo o prefeito, a decis\u00e3o ocorre ap\u00f3s questionamentos sobre a administra\u00e7\u00e3o do espa\u00e7o, atualmente sob responsabilidade de uma concession\u00e1ria.<\/p>\n<p><strong>Processo administrativo em andamento<\/strong><\/p>\n<p>A abertura do processo n\u00e3o significa o encerramento imediato do contrato, mas d\u00e1 in\u00edcio \u00e0 an\u00e1lise administrativa que pode resultar na rescis\u00e3o da concess\u00e3o.<\/p>\n<p>A prefeitura dever\u00e1 avaliar aspectos legais e contratuais antes de qualquer decis\u00e3o definitiva.<\/p>\n<p><strong>Gest\u00e3o do espa\u00e7o em debate<\/strong><\/p>\n<p>O Vale do Anhangaba\u00fa passou por requalifica\u00e7\u00e3o recente e foi concedido \u00e0 iniciativa privada para opera\u00e7\u00e3o e manuten\u00e7\u00e3o. Desde ent\u00e3o, o modelo de gest\u00e3o tem sido alvo de cr\u00edticas e questionamentos.<\/p>\n<p>Entre os pontos discutidos est\u00e3o o uso do espa\u00e7o p\u00fablico e a forma de explora\u00e7\u00e3o da \u00e1rea.<\/p>\n<p><strong>Pr\u00f3ximos passos<\/strong><\/p>\n<p>Caso sejam identificadas irregularidades ou descumprimento contratual, o munic\u00edpio poder\u00e1 avan\u00e7ar para o rompimento do contrato.<\/p>\n<p>At\u00e9 o momento, n\u00e3o h\u00e1 defini\u00e7\u00e3o sobre prazos para conclus\u00e3o do processo.<\/p>\n<p><strong>HostingPRESS Ag\u00eancia de Not\u00edcias de S\u00e3o Paulo<\/strong><br \/>Conte\u00fado distribu\u00eddo por nossa Central de Jornalismo<br \/>Reprodu\u00e7\u00e3o autorizada mediante cr\u00e9dito da fonte<\/p>\n<p>Portal criado para conectar os leitores da regi\u00e3o ao melhor conte\u00fado<\/p>\n<p>Somos l\u00edderes de audi\u00eancia local. Somos sociais.\u00a0Conecte-se conosco.<\/p>\n<\/p><\/div>\n<section>  \t<img alt=\"Avatar photo\" src=\"https:\/\/hostingpress.com.br\/wp-content\/uploads\/2026\/03\/cropped-Divilgacao-95x95.jpeg\"  height=\"95\" width=\"95\" decoding=\"async\">\t \t<\/p>\n<div>\n<p>Vinicius Moror\u00f3<\/p>\n<p>Editor-Executivo-Regional | Jornalista | Diretor Editorial    Editor-Executivo-Regional da HostingPress Ag\u00eancia de Not\u00edcias de S\u00e3o Paulo, com atua\u00e7\u00e3o voltada \u00e0 coordena\u00e7\u00e3o editorial regional, articula\u00e7\u00e3o com ve\u00edculos parceiros e fortalecimento da distribui\u00e7\u00e3o de conte\u00fado jornal\u00edstico no Estado de S\u00e3o Paulo.      Editor-chefe do Jornal Impacto Cotia, com foco em jornalismo investigativo, interesse p\u00fablico e an\u00e1lise cr\u00edtica de temas pol\u00edticos, sociais e institucionais.<\/p>\n<\/p><\/div>\n<\/section>\n","protected":false},"excerpt":{"rendered":"<p>Prefeitura de SP avalia rompimento de contrato ap\u00f3s questionamentos sobre gest\u00e3o do espa\u00e7o O prefeito de S\u00e3o Paulo, Ricardo Nunes, afirmou que a gest\u00e3o municipal iniciou um processo para encerrar a concess\u00e3o do Vale do Anhangaba\u00fa, no centro da capital. A informa\u00e7\u00e3o foi divulgada em reportagem do Estad\u00e3o. Segundo o prefeito, a decis\u00e3o ocorre ap\u00f3s<\/p>\n","protected":false},"author":808,"featured_media":155664,"comment_status":"closed","ping_status":"closed","sticky":false,"template":"","format":"standard","meta":{"footnotes":""},"categories":[59,1],"tags":[],"class_list":{"0":"post-155663","1":"post","2":"type-post","3":"status-publish","4":"format-standard","5":"has-post-thumbnail","7":"category-bairros","8":"category-todas-noticias"},"_links":{"self":[{"href":"https:\/\/obuxixeiro.com.br\/index.php?rest_route=\/wp\/v2\/posts\/155663","targetHints":{"allow":["GET"]}}],"collection":[{"href":"https:\/\/obuxixeiro.com.br\/index.php?rest_route=\/wp\/v2\/posts"}],"about":[{"href":"https:\/\/obuxixeiro.com.br\/index.php?rest_route=\/wp\/v2\/types\/post"}],"author":[{"embeddable":true,"href":"https:\/\/obuxixeiro.com.br\/index.php?rest_route=\/wp\/v2\/users\/808"}],"replies":[{"embeddable":true,"href":"https:\/\/obuxixeiro.com.br\/index.php?rest_route=%2Fwp%2Fv2%2Fcomments&post=155663"}],"version-history":[{"count":0,"href":"https:\/\/obuxixeiro.com.br\/index.php?rest_route=\/wp\/v2\/posts\/155663\/revisions"}],"wp:featuredmedia":[{"embeddable":true,"href":"https:\/\/obuxixeiro.com.br\/index.php?rest_route=\/wp\/v2\/media\/155664"}],"wp:attachment":[{"href":"https:\/\/obuxixeiro.com.br\/index.php?rest_route=%2Fwp%2Fv2%2Fmedia&parent=155663"}],"wp:term":[{"taxonomy":"category","embeddable":true,"href":"https:\/\/obuxixeiro.com.br\/index.php?rest_route=%2Fwp%2Fv2%2Fcategories&post=155663"},{"taxonomy":"post_tag","embeddable":true,"href":"https:\/\/obuxixeiro.com.br\/index.php?rest_route=%2Fwp%2Fv2%2Ftags&post=155663"}],"curies":[{"name":"wp","href":"https:\/\/api.w.org\/{rel}","templated":true}]}}