{"id":155665,"date":"2026-04-09T23:17:00","date_gmt":"2026-04-10T02:17:00","guid":{"rendered":"https:\/\/obuxixeiro.com.br\/2026\/04\/09\/estacionamento-irregular-e-instalado-no-vale-do-anhangabau-no-centro-de-sp\/"},"modified":"2026-04-09T23:17:00","modified_gmt":"2026-04-10T02:17:00","slug":"estacionamento-irregular-e-instalado-no-vale-do-anhangabau-no-centro-de-sp","status":"publish","type":"post","link":"https:\/\/obuxixeiro.com.br\/?p=155665","title":{"rendered":"Estacionamento irregular \u00e9 instalado no Vale do Anhangaba\u00fa, no centro de SP"},"content":{"rendered":"\n<div>\n<p><strong>\u00c1rea destinada a pedestres foi ocupada por ve\u00edculos, segundo reportagem<\/strong><\/p>\n<p>Um estacionamento foi instalado em \u00e1rea destinada a pedestres no Vale do Anhangaba\u00fa, no centro de S\u00e3o Paulo. A situa\u00e7\u00e3o foi registrada em reportagem do Estad\u00e3o, que aponta uso irregular do espa\u00e7o p\u00fablico.<\/p>\n<p>De acordo com a publica\u00e7\u00e3o, ve\u00edculos passaram a ocupar uma \u00e1rea originalmente projetada para circula\u00e7\u00e3o de pedestres ap\u00f3s a requalifica\u00e7\u00e3o do local.<\/p>\n<p><strong>Uso do espa\u00e7o p\u00fablico<\/strong><\/p>\n<p>O trecho ocupado integra uma regi\u00e3o de circula\u00e7\u00e3o livre, sem previs\u00e3o para estacionamento. A utiliza\u00e7\u00e3o do espa\u00e7o por carros levanta questionamentos sobre o cumprimento das regras urban\u00edsticas e de mobilidade.<\/p>\n<p><strong>Responsabilidade e gest\u00e3o<\/strong><\/p>\n<p>A reportagem indica que a \u00e1rea est\u00e1 sob gest\u00e3o de concession\u00e1ria respons\u00e1vel pela administra\u00e7\u00e3o do espa\u00e7o. A instala\u00e7\u00e3o do estacionamento ocorre em meio a discuss\u00f5es sobre o uso e a fiscaliza\u00e7\u00e3o do local.<\/p>\n<p><strong>Regras ainda em debate<\/strong><\/p>\n<p>A ocupa\u00e7\u00e3o levanta d\u00favidas sobre a regulamenta\u00e7\u00e3o do uso do espa\u00e7o e sobre poss\u00edveis autoriza\u00e7\u00f5es para a atividade. At\u00e9 o momento, n\u00e3o h\u00e1 confirma\u00e7\u00e3o p\u00fablica sobre a regularidade da instala\u00e7\u00e3o.<\/p>\n<p><strong>HostingPRESS Ag\u00eancia de Not\u00edcias de S\u00e3o Paulo<\/strong><br \/>Conte\u00fado distribu\u00eddo por nossa Central de Jornalismo<br \/>Reprodu\u00e7\u00e3o autorizada mediante cr\u00e9dito da fonte<\/p>\n<p>Portal criado para conectar os leitores da regi\u00e3o ao melhor conte\u00fado<\/p>\n<p>Somos l\u00edderes de audi\u00eancia local. Somos sociais.\u00a0Conecte-se conosco.<\/p>\n<\/p><\/div>\n<section>  \t<img alt=\"Avatar photo\" src=\"https:\/\/hostingpress.com.br\/wp-content\/uploads\/2026\/03\/cropped-Divilgacao-95x95.jpeg\"  height=\"95\" width=\"95\" decoding=\"async\">\t \t<\/p>\n<div>\n<p>Vinicius Moror\u00f3<\/p>\n<p>Editor-Executivo-Regional | Jornalista | Diretor Editorial    Editor-Executivo-Regional da HostingPress Ag\u00eancia de Not\u00edcias de S\u00e3o Paulo, com atua\u00e7\u00e3o voltada \u00e0 coordena\u00e7\u00e3o editorial regional, articula\u00e7\u00e3o com ve\u00edculos parceiros e fortalecimento da distribui\u00e7\u00e3o de conte\u00fado jornal\u00edstico no Estado de S\u00e3o Paulo.      Editor-chefe do Jornal Impacto Cotia, com foco em jornalismo investigativo, interesse p\u00fablico e an\u00e1lise cr\u00edtica de temas pol\u00edticos, sociais e institucionais.<\/p>\n<\/p><\/div>\n<\/section>\n","protected":false},"excerpt":{"rendered":"<p>\u00c1rea destinada a pedestres foi ocupada por ve\u00edculos, segundo reportagem Um estacionamento foi instalado em \u00e1rea destinada a pedestres no Vale do Anhangaba\u00fa, no centro de S\u00e3o Paulo. A situa\u00e7\u00e3o foi registrada em reportagem do Estad\u00e3o, que aponta uso irregular do espa\u00e7o p\u00fablico. De acordo com a publica\u00e7\u00e3o, ve\u00edculos passaram a ocupar uma \u00e1rea originalmente<\/p>\n","protected":false},"author":808,"featured_media":155666,"comment_status":"closed","ping_status":"closed","sticky":false,"template":"","format":"standard","meta":{"footnotes":""},"categories":[59,1],"tags":[],"class_list":{"0":"post-155665","1":"post","2":"type-post","3":"status-publish","4":"format-standard","5":"has-post-thumbnail","7":"category-bairros","8":"category-todas-noticias"},"_links":{"self":[{"href":"https:\/\/obuxixeiro.com.br\/index.php?rest_route=\/wp\/v2\/posts\/155665","targetHints":{"allow":["GET"]}}],"collection":[{"href":"https:\/\/obuxixeiro.com.br\/index.php?rest_route=\/wp\/v2\/posts"}],"about":[{"href":"https:\/\/obuxixeiro.com.br\/index.php?rest_route=\/wp\/v2\/types\/post"}],"author":[{"embeddable":true,"href":"https:\/\/obuxixeiro.com.br\/index.php?rest_route=\/wp\/v2\/users\/808"}],"replies":[{"embeddable":true,"href":"https:\/\/obuxixeiro.com.br\/index.php?rest_route=%2Fwp%2Fv2%2Fcomments&post=155665"}],"version-history":[{"count":0,"href":"https:\/\/obuxixeiro.com.br\/index.php?rest_route=\/wp\/v2\/posts\/155665\/revisions"}],"wp:featuredmedia":[{"embeddable":true,"href":"https:\/\/obuxixeiro.com.br\/index.php?rest_route=\/wp\/v2\/media\/155666"}],"wp:attachment":[{"href":"https:\/\/obuxixeiro.com.br\/index.php?rest_route=%2Fwp%2Fv2%2Fmedia&parent=155665"}],"wp:term":[{"taxonomy":"category","embeddable":true,"href":"https:\/\/obuxixeiro.com.br\/index.php?rest_route=%2Fwp%2Fv2%2Fcategories&post=155665"},{"taxonomy":"post_tag","embeddable":true,"href":"https:\/\/obuxixeiro.com.br\/index.php?rest_route=%2Fwp%2Fv2%2Ftags&post=155665"}],"curies":[{"name":"wp","href":"https:\/\/api.w.org\/{rel}","templated":true}]}}