{"id":155667,"date":"2026-04-03T23:28:00","date_gmt":"2026-04-04T02:28:00","guid":{"rendered":"https:\/\/obuxixeiro.com.br\/2026\/04\/03\/metro-de-sao-paulo-tera-operacao-24-horas-durante-o-feriado-de-pascoa\/"},"modified":"2026-04-03T23:28:00","modified_gmt":"2026-04-04T02:28:00","slug":"metro-de-sao-paulo-tera-operacao-24-horas-durante-o-feriado-de-pascoa","status":"publish","type":"post","link":"https:\/\/obuxixeiro.com.br\/?p=155667","title":{"rendered":"Metr\u00f4 de S\u00e3o Paulo ter\u00e1 opera\u00e7\u00e3o 24 horas durante o feriado de P\u00e1scoa"},"content":{"rendered":"\n<div>\n<p><strong>Medida prev\u00ea funcionamento ininterrupto para atender aumento de passageiros na capital<\/strong><\/p>\n<p>O Metr\u00f4 de S\u00e3o Paulo vai operar <strong>24 horas durante o feriado de P\u00e1scoa na cidade de S\u00e3o Paulo<\/strong>, com funcionamento ininterrupto para atender o aumento esperado no fluxo de passageiros.<\/p>\n<p>A opera\u00e7\u00e3o especial ser\u00e1 adotada em raz\u00e3o da maior movimenta\u00e7\u00e3o na capital durante o per\u00edodo, com amplia\u00e7\u00e3o do atendimento ao p\u00fablico ao longo da madrugada. A medida busca garantir <strong>continuidade no transporte e facilitar deslocamentos durante o feriado prolongado<\/strong>.<\/p>\n<p>Segundo as informa\u00e7\u00f5es divulgadas, o funcionamento integral deve contemplar esta\u00e7\u00f5es abertas para embarque e desembarque, seguindo a programa\u00e7\u00e3o definida pela companhia. A estrat\u00e9gia faz parte do planejamento operacional para datas com maior demanda.<\/p>\n<p>O refor\u00e7o no funcionamento tamb\u00e9m contribui para a mobilidade urbana, especialmente em hor\u00e1rios em que normalmente n\u00e3o h\u00e1 opera\u00e7\u00e3o completa do sistema. A iniciativa est\u00e1 alinhada a medidas adotadas em per\u00edodos de grande circula\u00e7\u00e3o.<\/p>\n<p>A orienta\u00e7\u00e3o \u00e9 que os passageiros acompanhem as atualiza\u00e7\u00f5es oficiais sobre linhas, hor\u00e1rios e eventuais ajustes na opera\u00e7\u00e3o ao longo do feriado.<\/p>\n<p><strong>HostingPRESS Ag\u00eancia de Not\u00edcias de S\u00e3o Paulo<\/strong><br \/>Conte\u00fado distribu\u00eddo por nossa Central de Jornalismo<br \/>Reprodu\u00e7\u00e3o autorizada mediante cr\u00e9dito da fonte<\/p>\n<p>Portal criado para conectar os leitores da regi\u00e3o ao melhor conte\u00fado<\/p>\n<p>Somos l\u00edderes de audi\u00eancia local. Somos sociais.\u00a0Conecte-se conosco.<\/p>\n<\/p><\/div>\n<section>  \t<img alt=\"Avatar photo\" src=\"https:\/\/hostingpress.com.br\/wp-content\/uploads\/2026\/03\/cropped-Divilgacao-95x95.jpeg\"  height=\"95\" width=\"95\" decoding=\"async\">\t \t<\/p>\n<div>\n<p>Vinicius Moror\u00f3<\/p>\n<p>Editor-Executivo-Regional | Jornalista | Diretor Editorial    Editor-Executivo-Regional da HostingPress Ag\u00eancia de Not\u00edcias de S\u00e3o Paulo, com atua\u00e7\u00e3o voltada \u00e0 coordena\u00e7\u00e3o editorial regional, articula\u00e7\u00e3o com ve\u00edculos parceiros e fortalecimento da distribui\u00e7\u00e3o de conte\u00fado jornal\u00edstico no Estado de S\u00e3o Paulo.      Editor-chefe do Jornal Impacto Cotia, com foco em jornalismo investigativo, interesse p\u00fablico e an\u00e1lise cr\u00edtica de temas pol\u00edticos, sociais e institucionais.<\/p>\n<\/p><\/div>\n<\/section>\n","protected":false},"excerpt":{"rendered":"<p>Medida prev\u00ea funcionamento ininterrupto para atender aumento de passageiros na capital O Metr\u00f4 de S\u00e3o Paulo vai operar 24 horas durante o feriado de P\u00e1scoa na cidade de S\u00e3o Paulo, com funcionamento ininterrupto para atender o aumento esperado no fluxo de passageiros. A opera\u00e7\u00e3o especial ser\u00e1 adotada em raz\u00e3o da maior movimenta\u00e7\u00e3o na capital durante<\/p>\n","protected":false},"author":808,"featured_media":155668,"comment_status":"closed","ping_status":"closed","sticky":false,"template":"","format":"standard","meta":{"footnotes":""},"categories":[59,1],"tags":[],"class_list":{"0":"post-155667","1":"post","2":"type-post","3":"status-publish","4":"format-standard","5":"has-post-thumbnail","7":"category-bairros","8":"category-todas-noticias"},"_links":{"self":[{"href":"https:\/\/obuxixeiro.com.br\/index.php?rest_route=\/wp\/v2\/posts\/155667","targetHints":{"allow":["GET"]}}],"collection":[{"href":"https:\/\/obuxixeiro.com.br\/index.php?rest_route=\/wp\/v2\/posts"}],"about":[{"href":"https:\/\/obuxixeiro.com.br\/index.php?rest_route=\/wp\/v2\/types\/post"}],"author":[{"embeddable":true,"href":"https:\/\/obuxixeiro.com.br\/index.php?rest_route=\/wp\/v2\/users\/808"}],"replies":[{"embeddable":true,"href":"https:\/\/obuxixeiro.com.br\/index.php?rest_route=%2Fwp%2Fv2%2Fcomments&post=155667"}],"version-history":[{"count":0,"href":"https:\/\/obuxixeiro.com.br\/index.php?rest_route=\/wp\/v2\/posts\/155667\/revisions"}],"wp:featuredmedia":[{"embeddable":true,"href":"https:\/\/obuxixeiro.com.br\/index.php?rest_route=\/wp\/v2\/media\/155668"}],"wp:attachment":[{"href":"https:\/\/obuxixeiro.com.br\/index.php?rest_route=%2Fwp%2Fv2%2Fmedia&parent=155667"}],"wp:term":[{"taxonomy":"category","embeddable":true,"href":"https:\/\/obuxixeiro.com.br\/index.php?rest_route=%2Fwp%2Fv2%2Fcategories&post=155667"},{"taxonomy":"post_tag","embeddable":true,"href":"https:\/\/obuxixeiro.com.br\/index.php?rest_route=%2Fwp%2Fv2%2Ftags&post=155667"}],"curies":[{"name":"wp","href":"https:\/\/api.w.org\/{rel}","templated":true}]}}