{"id":155669,"date":"2026-03-24T14:32:00","date_gmt":"2026-03-24T17:32:00","guid":{"rendered":"https:\/\/obuxixeiro.com.br\/2026\/03\/24\/metro-inicia-obras-da-linha-2-verde-em-guarulhos-primeira-expansao-fora-da-capital-paulista\/"},"modified":"2026-03-24T14:32:00","modified_gmt":"2026-03-24T17:32:00","slug":"metro-inicia-obras-da-linha-2-verde-em-guarulhos-primeira-expansao-fora-da-capital-paulista","status":"publish","type":"post","link":"https:\/\/obuxixeiro.com.br\/?p=155669","title":{"rendered":"Metr\u00f4 inicia obras da Linha 2-Verde em Guarulhos, primeira expans\u00e3o fora da capital paulista"},"content":{"rendered":"\n<div>\n<p><strong>Esta\u00e7\u00e3o Dutra ser\u00e1 constru\u00edda em frente ao Internacional Shopping e tem previs\u00e3o de entrega para 2032<\/strong><\/p>\n<p>A Companhia do Metropolitano de S\u00e3o Paulo (Metr\u00f4) iniciou nesta segunda-feira, <strong>23 de mar\u00e7o<\/strong>, as obras da <strong>Esta\u00e7\u00e3o Dutra<\/strong>, que far\u00e1 parte da expans\u00e3o da <strong>Linha 2-Verde at\u00e9 Guarulhos<\/strong>, na Regi\u00e3o Metropolitana. Trata-se da <strong>primeira vez que uma linha do Metr\u00f4 \u00e9 constru\u00edda fora da capital paulista<\/strong>.<\/p>\n<p>A nova esta\u00e7\u00e3o ser\u00e1 implantada em frente ao <strong>Internacional Shopping Guarulhos<\/strong>, ao lado da <strong>Rodovia Presidente Dutra<\/strong>, com previs\u00e3o de entrega em <strong>2032<\/strong>. O projeto recebeu licen\u00e7a de instala\u00e7\u00e3o da <strong>Cetesb<\/strong> na semana anterior ao in\u00edcio das obras.<\/p>\n<p>Segundo o Metr\u00f4, a esta\u00e7\u00e3o ter\u00e1 <strong>34,3 mil m\u00b2 de \u00e1rea constru\u00edda<\/strong>, ser\u00e1 totalmente subterr\u00e2nea e executada por meio de <strong>vala a c\u00e9u aberto<\/strong>, a uma profundidade de <strong>35,45 metros<\/strong>. A expectativa \u00e9 de atendimento a cerca de <strong>86 mil passageiros por dia<\/strong>.<\/p>\n<p>O empreendimento contar\u00e1 com <strong>tr\u00eas acessos, dois n\u00edveis de plataforma e quatro pavimentos<\/strong>, al\u00e9m de <strong>18 catracas, 10 elevadores e escadas rolantes e fixas<\/strong>. A esta\u00e7\u00e3o tamb\u00e9m ter\u00e1 <strong>integra\u00e7\u00e3o com a futura Linha 19-Celeste<\/strong>.<\/p>\n<p>Antes da constru\u00e7\u00e3o estrutural, ser\u00e3o realizadas etapas de <strong>demoli\u00e7\u00e3o, limpeza do terreno e implanta\u00e7\u00e3o do canteiro de obras<\/strong>, seguidas pela execu\u00e7\u00e3o das estacas de conten\u00e7\u00e3o.<\/p>\n<p>Al\u00e9m da esta\u00e7\u00e3o, o projeto inclui a constru\u00e7\u00e3o do <strong>P\u00e1tio Paulo Freire<\/strong>, que funcionar\u00e1 como base operacional para a linha. O espa\u00e7o ter\u00e1 cerca de <strong>150 mil m\u00b2 e 34 vias para trens<\/strong>, com \u00e1reas destinadas a <strong>manuten\u00e7\u00e3o, inspe\u00e7\u00e3o, limpeza e apoio t\u00e9cnico<\/strong>. As obras do p\u00e1tio t\u00eam in\u00edcio previsto para o fim de mar\u00e7o.<\/p>\n<p>Na \u00e1rea ambiental, o Metr\u00f4 informou que haver\u00e1 <strong>plantio de cerca de 600 \u00e1rvores nativas<\/strong> como medida compensat\u00f3ria. A interven\u00e7\u00e3o inclui a remo\u00e7\u00e3o de <strong>leucenas<\/strong>, esp\u00e9cie considerada invasora, em uma \u00e1rea de aproximadamente <strong>70 mil m\u00b2<\/strong>.<\/p>\n<p>Como compensa\u00e7\u00e3o ambiental, est\u00e1 prevista a <strong>restaura\u00e7\u00e3o de mais de 16 hectares no Parque Natural Municipal Fazenda do Carmo<\/strong>, com acompanhamento t\u00e9cnico especializado para manejo de fauna.<\/p>\n<p>Para viabilizar a escava\u00e7\u00e3o dos t\u00faneis, uma nova <strong>tuneladora (tatuz\u00e3o)<\/strong> chegou ao Brasil no in\u00edcio de mar\u00e7o. O equipamento, considerado o maior j\u00e1 utilizado em obras metrovi\u00e1rias no pa\u00eds, possui <strong>133 metros de comprimento, 11,67 metros de di\u00e2metro e 2.600 toneladas<\/strong>, com capacidade de avan\u00e7o de at\u00e9 <strong>15 metros por dia<\/strong>.<\/p>\n<p>A m\u00e1quina ser\u00e1 utilizada na escava\u00e7\u00e3o de <strong>7 km de t\u00faneis entre as futuras esta\u00e7\u00f5es Penha e Dutra<\/strong>, com in\u00edcio previsto para o segundo semestre.<\/p>\n<p>A expans\u00e3o da Linha 2-Verde est\u00e1 dividida em duas fases. A primeira liga <strong>Vila Prudente \u00e0 Penha<\/strong>, com <strong>8 novas esta\u00e7\u00f5es<\/strong>, e deve beneficiar cerca de <strong>1,2 milh\u00e3o de passageiros por dia<\/strong>. J\u00e1 a segunda fase conectar\u00e1 a <strong>Penha a Guarulhos<\/strong>, com <strong>cinco novas esta\u00e7\u00f5es e um p\u00e1tio operacional<\/strong>.<\/p>\n<p>Segundo o Metr\u00f4, entre os impactos esperados est\u00e3o a <strong>redu\u00e7\u00e3o anual de 91,1 milh\u00f5es de horas em deslocamentos<\/strong> e a diminui\u00e7\u00e3o de <strong>58,9 mil toneladas de emiss\u00f5es atmosf\u00e9ricas<\/strong>.<\/p>\n<p><strong>HostingPRESS Ag\u00eancia de Not\u00edcias de S\u00e3o Paulo<\/strong><br \/>Conte\u00fado distribu\u00eddo por nossa Central de Jornalismo<br \/>Reprodu\u00e7\u00e3o autorizada mediante cr\u00e9dito da fonte<\/p>\n<p>Portal criado para conectar os leitores da regi\u00e3o ao melhor conte\u00fado<\/p>\n<p>Somos l\u00edderes de audi\u00eancia local. Somos sociais.\u00a0Conecte-se conosco.<\/p>\n<\/p><\/div>\n<section>  \t<img alt=\"Avatar photo\" src=\"https:\/\/hostingpress.com.br\/wp-content\/uploads\/2026\/03\/cropped-Divilgacao-95x95.jpeg\"  height=\"95\" width=\"95\" decoding=\"async\">\t \t<\/p>\n<div>\n<p>Vinicius Moror\u00f3<\/p>\n<p>Editor-Executivo-Regional | Jornalista | Diretor Editorial    Editor-Executivo-Regional da HostingPress Ag\u00eancia de Not\u00edcias de S\u00e3o Paulo, com atua\u00e7\u00e3o voltada \u00e0 coordena\u00e7\u00e3o editorial regional, articula\u00e7\u00e3o com ve\u00edculos parceiros e fortalecimento da distribui\u00e7\u00e3o de conte\u00fado jornal\u00edstico no Estado de S\u00e3o Paulo.      Editor-chefe do Jornal Impacto Cotia, com foco em jornalismo investigativo, interesse p\u00fablico e an\u00e1lise cr\u00edtica de temas pol\u00edticos, sociais e institucionais.<\/p>\n<\/p><\/div>\n<\/section>\n","protected":false},"excerpt":{"rendered":"<p>Esta\u00e7\u00e3o Dutra ser\u00e1 constru\u00edda em frente ao Internacional Shopping e tem previs\u00e3o de entrega para 2032 A Companhia do Metropolitano de S\u00e3o Paulo (Metr\u00f4) iniciou nesta segunda-feira, 23 de mar\u00e7o, as obras da Esta\u00e7\u00e3o Dutra, que far\u00e1 parte da expans\u00e3o da Linha 2-Verde at\u00e9 Guarulhos, na Regi\u00e3o Metropolitana. Trata-se da primeira vez que uma linha<\/p>\n","protected":false},"author":808,"featured_media":155670,"comment_status":"closed","ping_status":"closed","sticky":false,"template":"","format":"standard","meta":{"footnotes":""},"categories":[59,1],"tags":[],"class_list":{"0":"post-155669","1":"post","2":"type-post","3":"status-publish","4":"format-standard","5":"has-post-thumbnail","7":"category-bairros","8":"category-todas-noticias"},"_links":{"self":[{"href":"https:\/\/obuxixeiro.com.br\/index.php?rest_route=\/wp\/v2\/posts\/155669","targetHints":{"allow":["GET"]}}],"collection":[{"href":"https:\/\/obuxixeiro.com.br\/index.php?rest_route=\/wp\/v2\/posts"}],"about":[{"href":"https:\/\/obuxixeiro.com.br\/index.php?rest_route=\/wp\/v2\/types\/post"}],"author":[{"embeddable":true,"href":"https:\/\/obuxixeiro.com.br\/index.php?rest_route=\/wp\/v2\/users\/808"}],"replies":[{"embeddable":true,"href":"https:\/\/obuxixeiro.com.br\/index.php?rest_route=%2Fwp%2Fv2%2Fcomments&post=155669"}],"version-history":[{"count":0,"href":"https:\/\/obuxixeiro.com.br\/index.php?rest_route=\/wp\/v2\/posts\/155669\/revisions"}],"wp:featuredmedia":[{"embeddable":true,"href":"https:\/\/obuxixeiro.com.br\/index.php?rest_route=\/wp\/v2\/media\/155670"}],"wp:attachment":[{"href":"https:\/\/obuxixeiro.com.br\/index.php?rest_route=%2Fwp%2Fv2%2Fmedia&parent=155669"}],"wp:term":[{"taxonomy":"category","embeddable":true,"href":"https:\/\/obuxixeiro.com.br\/index.php?rest_route=%2Fwp%2Fv2%2Fcategories&post=155669"},{"taxonomy":"post_tag","embeddable":true,"href":"https:\/\/obuxixeiro.com.br\/index.php?rest_route=%2Fwp%2Fv2%2Ftags&post=155669"}],"curies":[{"name":"wp","href":"https:\/\/api.w.org\/{rel}","templated":true}]}}