{"id":155671,"date":"2026-03-20T03:40:00","date_gmt":"2026-03-20T06:40:00","guid":{"rendered":"https:\/\/obuxixeiro.com.br\/2026\/03\/20\/mutirao-da-sabesp-oferece-negociacao-de-dividas-e-servicos-em-presidente-prudente\/"},"modified":"2026-03-20T03:40:00","modified_gmt":"2026-03-20T06:40:00","slug":"mutirao-da-sabesp-oferece-negociacao-de-dividas-e-servicos-em-presidente-prudente","status":"publish","type":"post","link":"https:\/\/obuxixeiro.com.br\/?p=155671","title":{"rendered":"Mutir\u00e3o da Sabesp oferece negocia\u00e7\u00e3o de d\u00edvidas e servi\u00e7os em Presidente Prudente"},"content":{"rendered":"\n<div>\n<p><strong>Atendimento acontece na zona leste da cidade neste s\u00e1bado (21)<\/strong><\/p>\n<p>A Sabesp realiza neste s\u00e1bado (21), das 9h \u00e0s 14h, um mutir\u00e3o de atendimento em sua ag\u00eancia localizada na Vila S\u00e3o Jorge, na zona leste de Presidente Prudente (SP).<\/p>\n<p>A a\u00e7\u00e3o tem como objetivo ampliar o acesso da popula\u00e7\u00e3o a servi\u00e7os essenciais e facilitar o atendimento direto aos moradores.<\/p>\n<p><strong>Servi\u00e7os dispon\u00edveis<\/strong><\/p>\n<p>Durante o mutir\u00e3o, ser\u00e3o oferecidos:<\/p>\n<ul>\n<li>negocia\u00e7\u00e3o de d\u00e9bitos<\/li>\n<li>atualiza\u00e7\u00e3o cadastral<\/li>\n<li>orienta\u00e7\u00f5es sobre a Tarifa Social<\/li>\n<li>esclarecimento de d\u00favidas<\/li>\n<\/ul>\n<p>Descontos na conta de \u00e1gua<\/p>\n<p>A iniciativa tamb\u00e9m orienta sobre a Tarifa Social, que pode garantir descontos de at\u00e9 78% na conta.<\/p>\n<p><strong>\ud83d\udc49 Atualiza\u00e7\u00e3o do Cad\u00danico: www.gov.br<\/strong><\/p>\n<p><strong>Servi\u00e7o<\/strong><\/p>\n<p>\ud83d\udcc5 Data: s\u00e1bado, 21 de mar\u00e7o de 2026<br \/>\ud83d\udd58 Hor\u00e1rio: das 9h \u00e0s 14h<br \/>\ud83d\udccd Local: Ag\u00eancia da Sabesp<br \/>\ud83d\udccc Endere\u00e7o: Rua Dr. Jos\u00e9 Foz, 1.295<br \/>\ud83d\udccd Bairro: Vila S\u00e3o Jorge zona leste de Presidente Prudente (SP)<\/p>\n<p><strong>HostingPRESS Ag\u00eancia de Not\u00edcias de S\u00e3o Paulo<\/strong><br \/>Conte\u00fado distribu\u00eddo por nossa Central de Jornalismo<br \/>Reprodu\u00e7\u00e3o autorizada mediante cr\u00e9dito da fonte<\/p>\n<p>Portal criado para conectar os leitores da regi\u00e3o ao melhor conte\u00fado<\/p>\n<p>Somos l\u00edderes de audi\u00eancia local. Somos sociais.\u00a0Conecte-se conosco.<\/p>\n<\/p><\/div>\n<section>  \t<img alt=\"Avatar photo\" src=\"https:\/\/hostingpress.com.br\/wp-content\/uploads\/2026\/03\/cropped-Divilgacao-95x95.jpeg\"  height=\"95\" width=\"95\" decoding=\"async\">\t \t<\/p>\n<div>\n<p>Vinicius Moror\u00f3<\/p>\n<p>Editor-Executivo-Regional | Jornalista | Diretor Editorial    Editor-Executivo-Regional da HostingPress Ag\u00eancia de Not\u00edcias de S\u00e3o Paulo, com atua\u00e7\u00e3o voltada \u00e0 coordena\u00e7\u00e3o editorial regional, articula\u00e7\u00e3o com ve\u00edculos parceiros e fortalecimento da distribui\u00e7\u00e3o de conte\u00fado jornal\u00edstico no Estado de S\u00e3o Paulo.      Editor-chefe do Jornal Impacto Cotia, com foco em jornalismo investigativo, interesse p\u00fablico e an\u00e1lise cr\u00edtica de temas pol\u00edticos, sociais e institucionais.<\/p>\n<\/p><\/div>\n<\/section>\n","protected":false},"excerpt":{"rendered":"<p>Atendimento acontece na zona leste da cidade neste s\u00e1bado (21) A Sabesp realiza neste s\u00e1bado (21), das 9h \u00e0s 14h, um mutir\u00e3o de atendimento em sua ag\u00eancia localizada na Vila S\u00e3o Jorge, na zona leste de Presidente Prudente (SP). A a\u00e7\u00e3o tem como objetivo ampliar o acesso da popula\u00e7\u00e3o a servi\u00e7os essenciais e facilitar o<\/p>\n","protected":false},"author":808,"featured_media":155672,"comment_status":"closed","ping_status":"closed","sticky":false,"template":"","format":"standard","meta":{"footnotes":""},"categories":[59,1],"tags":[],"class_list":{"0":"post-155671","1":"post","2":"type-post","3":"status-publish","4":"format-standard","5":"has-post-thumbnail","7":"category-bairros","8":"category-todas-noticias"},"_links":{"self":[{"href":"https:\/\/obuxixeiro.com.br\/index.php?rest_route=\/wp\/v2\/posts\/155671","targetHints":{"allow":["GET"]}}],"collection":[{"href":"https:\/\/obuxixeiro.com.br\/index.php?rest_route=\/wp\/v2\/posts"}],"about":[{"href":"https:\/\/obuxixeiro.com.br\/index.php?rest_route=\/wp\/v2\/types\/post"}],"author":[{"embeddable":true,"href":"https:\/\/obuxixeiro.com.br\/index.php?rest_route=\/wp\/v2\/users\/808"}],"replies":[{"embeddable":true,"href":"https:\/\/obuxixeiro.com.br\/index.php?rest_route=%2Fwp%2Fv2%2Fcomments&post=155671"}],"version-history":[{"count":0,"href":"https:\/\/obuxixeiro.com.br\/index.php?rest_route=\/wp\/v2\/posts\/155671\/revisions"}],"wp:featuredmedia":[{"embeddable":true,"href":"https:\/\/obuxixeiro.com.br\/index.php?rest_route=\/wp\/v2\/media\/155672"}],"wp:attachment":[{"href":"https:\/\/obuxixeiro.com.br\/index.php?rest_route=%2Fwp%2Fv2%2Fmedia&parent=155671"}],"wp:term":[{"taxonomy":"category","embeddable":true,"href":"https:\/\/obuxixeiro.com.br\/index.php?rest_route=%2Fwp%2Fv2%2Fcategories&post=155671"},{"taxonomy":"post_tag","embeddable":true,"href":"https:\/\/obuxixeiro.com.br\/index.php?rest_route=%2Fwp%2Fv2%2Ftags&post=155671"}],"curies":[{"name":"wp","href":"https:\/\/api.w.org\/{rel}","templated":true}]}}