{"id":155673,"date":"2026-03-09T10:00:00","date_gmt":"2026-03-09T13:00:00","guid":{"rendered":"https:\/\/obuxixeiro.com.br\/2026\/03\/09\/tempestade-provoca-alagamentos-nas-marginais-tiete-e-pinheiros-em-sao-paulo\/"},"modified":"2026-03-09T10:00:00","modified_gmt":"2026-03-09T13:00:00","slug":"tempestade-provoca-alagamentos-nas-marginais-tiete-e-pinheiros-em-sao-paulo","status":"publish","type":"post","link":"https:\/\/obuxixeiro.com.br\/?p=155673","title":{"rendered":"Tempestade provoca alagamentos nas Marginais Tiet\u00ea e Pinheiros em S\u00e3o Paulo"},"content":{"rendered":"\n<div>\n<p><strong>Chuva forte colocou regi\u00f5es da capital em estado de aten\u00e7\u00e3o neste domingo (8)<\/strong><\/p>\n<p>A forte chuva que atingiu a cidade de S\u00e3o Paulo na tarde deste domingo (8) provocou <strong>alagamentos em trechos das Marginais Tiet\u00ea e Pinheiros<\/strong>, segundo o Centro de Gerenciamento de Emerg\u00eancias Clim\u00e1ticas (CGE-SP).<\/p>\n<p>Por volta das <strong>17h13<\/strong>, as <strong>zonas sudeste e leste da capital permaneciam em estado de aten\u00e7\u00e3o<\/strong>, enquanto a regi\u00e3o do <strong>Ipiranga foi colocada em estado de alerta<\/strong> devido ao volume de chuva.<\/p>\n<p><strong>Pontos de alagamento nas marginais<\/strong><\/p>\n<p>De acordo com o CGE-SP, os alagamentos foram registrados em dois pontos principais:<\/p>\n<ul>\n<li><strong>Marginal Tiet\u00ea<\/strong> altura da <strong>Ponte Cruzeiro do Sul<\/strong>, sentido Ayrton Senna\/Castello Branco<\/li>\n<li><strong>Marginal Pinheiros<\/strong> na <strong>Ponte Engenheiro Roberto Zuccolo (Cidade Jardim)<\/strong>, sentido Interlagos\/Castello Branco<\/li>\n<\/ul>\n<p>As ocorr\u00eancias permaneceram registradas no sistema do \u00f3rg\u00e3o at\u00e9 pelo menos <strong>17h21<\/strong>.<\/p>\n<p><strong>Internautas relatam tr\u00e2nsito e caos nas vias<\/strong><\/p>\n<p>Motoristas que estavam nas marginais relataram dificuldades para circular e congestionamentos causados pela \u00e1gua acumulada.<\/p>\n<p>Em uma publica\u00e7\u00e3o nas redes sociais, um usu\u00e1rio descreveu a situa\u00e7\u00e3o:<\/p>\n<p>\u201cUm apocalipse acontecendo na marginal, alagou tudo, uma fila de carros tentando sair de l\u00e1 de r\u00e9, tudo travado, buzinas, ofensas, tempestade\u201d.<\/p>\n<p><strong>Outros pontos de alagamento na cidade<\/strong><\/p>\n<p>Al\u00e9m das marginais, diversos pontos da capital paulista registraram alagamentos durante a tarde.<\/p>\n<p><strong>Zona Oeste<\/strong><\/p>\n<ul>\n<li>Avenida Vital Brasil, pr\u00f3ximo \u00e0 Avenida Francisco Morato<\/li>\n<li>Rua Alvarenga, altura da Rua Afr\u00e2nio Peixoto<\/li>\n<li>T\u00faneis <strong>Max Feffer<\/strong> e <strong>Jornalista Fernando Vieira de Mello<\/strong><\/li>\n<\/ul>\n<p><strong>Zona Leste<\/strong><\/p>\n<ul>\n<li>Avenida Itaquera, pr\u00f3ximo \u00e0 Rua Campinas do Piau\u00ed<\/li>\n<li>Avenida Jos\u00e9 Pinheiro Borges, perto da Rua Itagimirim<\/li>\n<\/ul>\n<p><strong>Zona Sudeste<\/strong><\/p>\n<ul>\n<li>Rua das Juntas Provis\u00f3rias, altura do n\u00famero 657<\/li>\n<li>Avenida Abra\u00e3o de Morais, pr\u00f3ximo \u00e0 Rua Francisco Tapaj\u00f3s<\/li>\n<\/ul>\n<p>Segundo o CGE-SP, v\u00e1rios desses pontos estavam <strong>transit\u00e1veis<\/strong>, apesar do ac\u00famulo de \u00e1gua.<\/p>\n<p><strong>Alerta para chuvas intensas<\/strong><\/p>\n<p>Mais cedo, o <strong>Instituto Nacional de Meteorologia (Inmet)<\/strong> emitiu <strong>alerta de perigo para chuvas intensas<\/strong> em diversas regi\u00f5es do estado de S\u00e3o Paulo.<\/p>\n<p>Entre os riscos apontados est\u00e3o:<\/p>\n<ul>\n<li>ventos de at\u00e9 <strong>100 km\/h<\/strong><\/li>\n<li>queda de \u00e1rvores<\/li>\n<li>cortes de energia<\/li>\n<li>alagamentos<\/li>\n<li>descargas el\u00e9tricas<\/li>\n<\/ul>\n<p>As \u00e1reas com maior risco incluem:<\/p>\n<ul>\n<li>Presidente Prudente<\/li>\n<li>S\u00e3o Jos\u00e9 do Rio Preto<\/li>\n<li>Campinas<\/li>\n<li>Bauru<\/li>\n<li>Piracicaba<\/li>\n<li>Ribeir\u00e3o Preto<\/li>\n<li>Ara\u00e7atuba<\/li>\n<li>Mar\u00edlia<\/li>\n<li>Assis<\/li>\n<li>Vale do Para\u00edba<\/li>\n<li>litoral sul<\/li>\n<\/ul>\n<p><strong>Temperatura e previs\u00e3o<\/strong><\/p>\n<p>Na capital paulista, a tarde come\u00e7ou com <strong>27,3 \u00b0C de temperatura m\u00e9dia<\/strong> e <strong>71% de umidade relativa do ar<\/strong>, segundo as esta\u00e7\u00f5es meteorol\u00f3gicas do CGE-SP.<\/p>\n<p>A m\u00e1xima prevista para o dia era de <strong>28 \u00b0C<\/strong>, com pancadas de chuva isoladas de forte intensidade ao longo da tarde.<\/p>\n<p>O \u00f3rg\u00e3o alertou para <strong>potencial de novos alagamentos, rajadas de vento e queda de granizo<\/strong>, j\u00e1 que o solo da cidade est\u00e1 encharcado.<\/p>\n<p><strong>Chuva causou morte no ABC<\/strong><\/p>\n<p>A chuva do fim de semana tamb\u00e9m causou trag\u00e9dia na regi\u00e3o metropolitana.<\/p>\n<p>No s\u00e1bado (7), <strong>um homem morreu afogado em S\u00e3o Bernardo do Campo<\/strong>, no ABC paulista, ap\u00f3s ser arrastado pela enxurrada para debaixo de um carro.<\/p>\n<p>Segundo a Defesa Civil, o munic\u00edpio registrou <strong>112 mil\u00edmetros de chuva<\/strong>, o maior acumulado do dia no estado.<\/p>\n<p><strong>Ocorr\u00eancia tamb\u00e9m no interior<\/strong><\/p>\n<p>Em <strong>Sorocaba<\/strong>, no interior paulista, uma mulher precisou se <strong>segurar em um poste para n\u00e3o ser arrastada pela correnteza<\/strong> durante a tempestade.<\/p>\n<p>Imagens divulgadas nas redes sociais mostram o momento em que um homem utiliza uma corda para resgat\u00e1-la da enxurrada.<\/p>\n<p><strong>HostingPRESS Ag\u00eancia de Not\u00edcias de S\u00e3o Paulo<\/strong><br \/>Conte\u00fado distribu\u00eddo por nossa Central de Jornalismo<br \/>Reprodu\u00e7\u00e3o autorizada mediante cr\u00e9dito da fonte<\/p>\n<p>Portal criado para conectar os leitores da regi\u00e3o ao melhor conte\u00fado<\/p>\n<p>Somos l\u00edderes de audi\u00eancia local. Somos sociais.\u00a0Conecte-se conosco.<\/p>\n<\/p><\/div>\n<section>  \t<img alt=\"Avatar photo\" src=\"https:\/\/hostingpress.com.br\/wp-content\/uploads\/2026\/03\/cropped-Divilgacao-95x95.jpeg\"  height=\"95\" width=\"95\" decoding=\"async\">\t \t<\/p>\n<div>\n<p>Vinicius Moror\u00f3<\/p>\n<p>Editor-Executivo-Regional | Jornalista | Diretor Editorial    Editor-Executivo-Regional da HostingPress Ag\u00eancia de Not\u00edcias de S\u00e3o Paulo, com atua\u00e7\u00e3o voltada \u00e0 coordena\u00e7\u00e3o editorial regional, articula\u00e7\u00e3o com ve\u00edculos parceiros e fortalecimento da distribui\u00e7\u00e3o de conte\u00fado jornal\u00edstico no Estado de S\u00e3o Paulo.      Editor-chefe do Jornal Impacto Cotia, com foco em jornalismo investigativo, interesse p\u00fablico e an\u00e1lise cr\u00edtica de temas pol\u00edticos, sociais e institucionais.<\/p>\n<\/p><\/div>\n<\/section>\n","protected":false},"excerpt":{"rendered":"<p>Chuva forte colocou regi\u00f5es da capital em estado de aten\u00e7\u00e3o neste domingo (8) A forte chuva que atingiu a cidade de S\u00e3o Paulo na tarde deste domingo (8) provocou alagamentos em trechos das Marginais Tiet\u00ea e Pinheiros, segundo o Centro de Gerenciamento de Emerg\u00eancias Clim\u00e1ticas (CGE-SP). Por volta das 17h13, as zonas sudeste e leste<\/p>\n","protected":false},"author":808,"featured_media":155674,"comment_status":"closed","ping_status":"closed","sticky":false,"template":"","format":"standard","meta":{"footnotes":""},"categories":[59,1],"tags":[],"class_list":{"0":"post-155673","1":"post","2":"type-post","3":"status-publish","4":"format-standard","5":"has-post-thumbnail","7":"category-bairros","8":"category-todas-noticias"},"_links":{"self":[{"href":"https:\/\/obuxixeiro.com.br\/index.php?rest_route=\/wp\/v2\/posts\/155673","targetHints":{"allow":["GET"]}}],"collection":[{"href":"https:\/\/obuxixeiro.com.br\/index.php?rest_route=\/wp\/v2\/posts"}],"about":[{"href":"https:\/\/obuxixeiro.com.br\/index.php?rest_route=\/wp\/v2\/types\/post"}],"author":[{"embeddable":true,"href":"https:\/\/obuxixeiro.com.br\/index.php?rest_route=\/wp\/v2\/users\/808"}],"replies":[{"embeddable":true,"href":"https:\/\/obuxixeiro.com.br\/index.php?rest_route=%2Fwp%2Fv2%2Fcomments&post=155673"}],"version-history":[{"count":0,"href":"https:\/\/obuxixeiro.com.br\/index.php?rest_route=\/wp\/v2\/posts\/155673\/revisions"}],"wp:featuredmedia":[{"embeddable":true,"href":"https:\/\/obuxixeiro.com.br\/index.php?rest_route=\/wp\/v2\/media\/155674"}],"wp:attachment":[{"href":"https:\/\/obuxixeiro.com.br\/index.php?rest_route=%2Fwp%2Fv2%2Fmedia&parent=155673"}],"wp:term":[{"taxonomy":"category","embeddable":true,"href":"https:\/\/obuxixeiro.com.br\/index.php?rest_route=%2Fwp%2Fv2%2Fcategories&post=155673"},{"taxonomy":"post_tag","embeddable":true,"href":"https:\/\/obuxixeiro.com.br\/index.php?rest_route=%2Fwp%2Fv2%2Ftags&post=155673"}],"curies":[{"name":"wp","href":"https:\/\/api.w.org\/{rel}","templated":true}]}}