{"id":155675,"date":"2026-03-24T13:50:00","date_gmt":"2026-03-24T16:50:00","guid":{"rendered":"https:\/\/obuxixeiro.com.br\/2026\/03\/24\/dois-corpos-sao-encontrados-na-marginal-tiete-e-casos-sao-registrados-como-morte-suspeita-em-sao-paulo\/"},"modified":"2026-03-24T13:50:00","modified_gmt":"2026-03-24T16:50:00","slug":"dois-corpos-sao-encontrados-na-marginal-tiete-e-casos-sao-registrados-como-morte-suspeita-em-sao-paulo","status":"publish","type":"post","link":"https:\/\/obuxixeiro.com.br\/?p=155675","title":{"rendered":"Dois corpos s\u00e3o encontrados na Marginal Tiet\u00ea e casos s\u00e3o registrados como morte suspeita em S\u00e3o Paulo"},"content":{"rendered":"\n<div>\n<p><strong>V\u00edtimas foram localizadas na zona norte da capital e per\u00edcia foi acionada para esclarecer causas das mortes<\/strong><\/p>\n<p>A Pol\u00edcia Militar foi acionada nesta segunda-feira, <strong>23 de mar\u00e7o<\/strong>, ap\u00f3s a localiza\u00e7\u00e3o de <strong>dois corpos na Marginal Tiet\u00ea<\/strong>, na <strong>zona norte de S\u00e3o Paulo<\/strong>. As v\u00edtimas, <strong>um homem e uma mulher<\/strong>, ainda n\u00e3o haviam sido identificadas at\u00e9 a \u00faltima atualiza\u00e7\u00e3o.<\/p>\n<p>Segundo informa\u00e7\u00f5es iniciais, o corpo do homem foi encontrado <strong>nas proximidades da Ponte do Piqueri<\/strong>, com <strong>sinais aparentes de viol\u00eancia<\/strong>. J\u00e1 o corpo da mulher foi localizado nas imedia\u00e7\u00f5es da <strong>Ponte J\u00falio de Mesquita<\/strong>, tamb\u00e9m na mesma regi\u00e3o.<\/p>\n<p>De acordo com a Secretaria da Seguran\u00e7a P\u00fablica, o corpo masculino estava <strong>nas \u00e1guas do Rio Tiet\u00ea<\/strong>, na altura da <strong>Avenida Otaviano Alves de Lima<\/strong>, sendo retirado pelo <strong>Corpo de Bombeiros<\/strong>.<\/p>\n<p>A ocorr\u00eancia foi registrada como <strong>morte suspeita no 72\u00ba Distrito Policial (Vila Penteado)<\/strong>, que solicitou exames ao <strong>Instituto de Criminal\u00edstica (IC)<\/strong> e ao <strong>Instituto M\u00e9dico Legal (IML)<\/strong> para apurar as causas da morte e a identifica\u00e7\u00e3o da v\u00edtima.<\/p>\n<p>No segundo caso, a pasta informou que investiga a morte de <strong>uma pessoa ainda n\u00e3o identificada<\/strong>, cujo corpo tamb\u00e9m foi localizado no <strong>Rio Tiet\u00ea<\/strong>, na mesma regi\u00e3o. A ocorr\u00eancia foi registrada como <strong>morte suspeita no 13\u00ba Distrito Policial (Casa Verde)<\/strong>, com solicita\u00e7\u00e3o de per\u00edcia t\u00e9cnica.<\/p>\n<p>As autoridades informaram que os locais foram <strong>preservados para o trabalho pericial<\/strong> e que os casos seguem em investiga\u00e7\u00e3o.<\/p>\n<p>Informa\u00e7\u00f5es preliminares apontam que <strong>h\u00e1 relatos sobre poss\u00edvel desaparecimento anterior das v\u00edtimas<\/strong>, al\u00e9m de <strong>registros de movimenta\u00e7\u00e3o e pedidos de socorro na regi\u00e3o<\/strong>, dados que ainda ser\u00e3o analisados no curso da apura\u00e7\u00e3o.<\/p>\n<p><strong>Os citados n\u00e3o se manifestaram at\u00e9 a publica\u00e7\u00e3o desta mat\u00e9ria. O espa\u00e7o permanece aberto para manifesta\u00e7\u00f5es.<\/strong><\/p>\n<p><strong>HostingPRESS Ag\u00eancia de Not\u00edcias de S\u00e3o Paulo<\/strong><br \/>Conte\u00fado distribu\u00eddo por nossa Central de Jornalismo<br \/>Reprodu\u00e7\u00e3o autorizada mediante cr\u00e9dito da fonte<\/p>\n<p>Portal criado para conectar os leitores da regi\u00e3o ao melhor conte\u00fado<\/p>\n<p>Somos l\u00edderes de audi\u00eancia local. Somos sociais.\u00a0Conecte-se conosco.<\/p>\n<\/p><\/div>\n<section>  \t<img alt=\"Avatar photo\" src=\"https:\/\/hostingpress.com.br\/wp-content\/uploads\/2026\/03\/cropped-Divilgacao-95x95.jpeg\"  height=\"95\" width=\"95\" decoding=\"async\">\t \t<\/p>\n<div>\n<p>Vinicius Moror\u00f3<\/p>\n<p>Editor-Executivo-Regional | Jornalista | Diretor Editorial    Editor-Executivo-Regional da HostingPress Ag\u00eancia de Not\u00edcias de S\u00e3o Paulo, com atua\u00e7\u00e3o voltada \u00e0 coordena\u00e7\u00e3o editorial regional, articula\u00e7\u00e3o com ve\u00edculos parceiros e fortalecimento da distribui\u00e7\u00e3o de conte\u00fado jornal\u00edstico no Estado de S\u00e3o Paulo.      Editor-chefe do Jornal Impacto Cotia, com foco em jornalismo investigativo, interesse p\u00fablico e an\u00e1lise cr\u00edtica de temas pol\u00edticos, sociais e institucionais.<\/p>\n<\/p><\/div>\n<\/section>\n","protected":false},"excerpt":{"rendered":"<p>V\u00edtimas foram localizadas na zona norte da capital e per\u00edcia foi acionada para esclarecer causas das mortes A Pol\u00edcia Militar foi acionada nesta segunda-feira, 23 de mar\u00e7o, ap\u00f3s a localiza\u00e7\u00e3o de dois corpos na Marginal Tiet\u00ea, na zona norte de S\u00e3o Paulo. As v\u00edtimas, um homem e uma mulher, ainda n\u00e3o haviam sido identificadas at\u00e9<\/p>\n","protected":false},"author":808,"featured_media":155676,"comment_status":"closed","ping_status":"closed","sticky":false,"template":"","format":"standard","meta":{"footnotes":""},"categories":[59,1],"tags":[],"class_list":{"0":"post-155675","1":"post","2":"type-post","3":"status-publish","4":"format-standard","5":"has-post-thumbnail","7":"category-bairros","8":"category-todas-noticias"},"_links":{"self":[{"href":"https:\/\/obuxixeiro.com.br\/index.php?rest_route=\/wp\/v2\/posts\/155675","targetHints":{"allow":["GET"]}}],"collection":[{"href":"https:\/\/obuxixeiro.com.br\/index.php?rest_route=\/wp\/v2\/posts"}],"about":[{"href":"https:\/\/obuxixeiro.com.br\/index.php?rest_route=\/wp\/v2\/types\/post"}],"author":[{"embeddable":true,"href":"https:\/\/obuxixeiro.com.br\/index.php?rest_route=\/wp\/v2\/users\/808"}],"replies":[{"embeddable":true,"href":"https:\/\/obuxixeiro.com.br\/index.php?rest_route=%2Fwp%2Fv2%2Fcomments&post=155675"}],"version-history":[{"count":0,"href":"https:\/\/obuxixeiro.com.br\/index.php?rest_route=\/wp\/v2\/posts\/155675\/revisions"}],"wp:featuredmedia":[{"embeddable":true,"href":"https:\/\/obuxixeiro.com.br\/index.php?rest_route=\/wp\/v2\/media\/155676"}],"wp:attachment":[{"href":"https:\/\/obuxixeiro.com.br\/index.php?rest_route=%2Fwp%2Fv2%2Fmedia&parent=155675"}],"wp:term":[{"taxonomy":"category","embeddable":true,"href":"https:\/\/obuxixeiro.com.br\/index.php?rest_route=%2Fwp%2Fv2%2Fcategories&post=155675"},{"taxonomy":"post_tag","embeddable":true,"href":"https:\/\/obuxixeiro.com.br\/index.php?rest_route=%2Fwp%2Fv2%2Ftags&post=155675"}],"curies":[{"name":"wp","href":"https:\/\/api.w.org\/{rel}","templated":true}]}}