{"id":155677,"date":"2026-03-11T13:50:00","date_gmt":"2026-03-11T16:50:00","guid":{"rendered":"https:\/\/obuxixeiro.com.br\/2026\/03\/11\/policia-investiga-denuncia-de-violencia-sexual-envolvendo-estudantes-em-escola-da-zona-norte-de-sp\/"},"modified":"2026-03-11T13:50:00","modified_gmt":"2026-03-11T16:50:00","slug":"policia-investiga-denuncia-de-violencia-sexual-envolvendo-estudantes-em-escola-da-zona-norte-de-sp","status":"publish","type":"post","link":"https:\/\/obuxixeiro.com.br\/?p=155677","title":{"rendered":"Pol\u00edcia investiga den\u00fancia de viol\u00eancia sexual envolvendo estudantes em escola da zona norte de SP"},"content":{"rendered":"\n<div>\n<p><strong>Caso teria ocorrido dentro de banheiro da unidade e foi registrado como estupro de vulner\u00e1vel<\/strong><\/p>\n<p>A Pol\u00edcia Civil do Estado de S\u00e3o Paulo apura uma den\u00fancia de viol\u00eancia sexual envolvendo estudantes dentro de uma escola localizada na zona norte da cidade de S\u00e3o Paulo.<\/p>\n<p>Segundo relato feito pela m\u00e3e de um menino de 12 anos, o garoto teria sido v\u00edtima de abuso cometido por colegas adolescentes dentro do banheiro da unidade escolar. De acordo com a den\u00fancia, quatro estudantes, com idades entre 12 e 15 anos, estariam envolvidos no caso.<\/p>\n<p><strong>Caso foi registrado na Pol\u00edcia Civil<\/strong><\/p>\n<p>O epis\u00f3dio teria ocorrido no dia 27 de fevereiro. A ocorr\u00eancia foi registrada na \u00faltima ter\u00e7a-feira (3) como <strong>ato infracional an\u00e1logo ao crime de estupro de vulner\u00e1vel<\/strong>, j\u00e1 que os suspeitos tamb\u00e9m s\u00e3o menores de idade.<\/p>\n<p>A m\u00e3e da crian\u00e7a relatou que percebeu mudan\u00e7as no comportamento do filho e, ap\u00f3s conversar com ele, procurou a escola e posteriormente registrou a den\u00fancia.<\/p>\n<p>Segundo a Secretaria da Seguran\u00e7a P\u00fablica de S\u00e3o Paulo, o caso foi inicialmente registrado no <strong>46\u00ba Distrito Policial (Perus)<\/strong> e encaminhado ao <strong>74\u00ba Distrito Policial<\/strong>, respons\u00e1vel pela \u00e1rea onde os fatos teriam ocorrido.<\/p>\n<p>A v\u00edtima dever\u00e1 ser ouvida pela pol\u00edcia, acompanhada da respons\u00e1vel legal, para prestar esclarecimentos sobre o ocorrido.<\/p>\n<p><strong>Investiga\u00e7\u00e3o segue em andamento<\/strong><\/p>\n<p>Por envolver menores de idade e tratar de um crime de natureza sens\u00edvel, as autoridades informaram que <strong>detalhes da investiga\u00e7\u00e3o est\u00e3o sendo preservados<\/strong>.<\/p>\n<p>Em nota, a Secretaria da Educa\u00e7\u00e3o do Estado de S\u00e3o Paulo afirmou que lamenta o ocorrido e declarou que <strong>repudia qualquer forma de viol\u00eancia ou abuso dentro ou fora do ambiente escolar<\/strong>.<\/p>\n<p><strong>Direito de resposta<\/strong><br \/>O espa\u00e7o permanece aberto para manifesta\u00e7\u00e3o das partes citadas.<\/p>\n<p><strong>HostingPRESS Ag\u00eancia de Not\u00edcias de S\u00e3o Paulo<\/strong><br \/>Conte\u00fado distribu\u00eddo por nossa Central de Jornalismo<br \/>Reprodu\u00e7\u00e3o autorizada mediante cr\u00e9dito da fonte<\/p>\n<p>Portal criado para conectar os leitores da regi\u00e3o ao melhor conte\u00fado<\/p>\n<p>Somos l\u00edderes de audi\u00eancia local. Somos sociais.\u00a0Conecte-se conosco.<\/p>\n<\/p><\/div>\n<section>  \t<img alt=\"Avatar photo\" src=\"https:\/\/hostingpress.com.br\/wp-content\/uploads\/2026\/03\/cropped-Divilgacao-95x95.jpeg\"  height=\"95\" width=\"95\" decoding=\"async\">\t \t<\/p>\n<div>\n<p>Vinicius Moror\u00f3<\/p>\n<p>Editor-Executivo-Regional | Jornalista | Diretor Editorial    Editor-Executivo-Regional da HostingPress Ag\u00eancia de Not\u00edcias de S\u00e3o Paulo, com atua\u00e7\u00e3o voltada \u00e0 coordena\u00e7\u00e3o editorial regional, articula\u00e7\u00e3o com ve\u00edculos parceiros e fortalecimento da distribui\u00e7\u00e3o de conte\u00fado jornal\u00edstico no Estado de S\u00e3o Paulo.      Editor-chefe do Jornal Impacto Cotia, com foco em jornalismo investigativo, interesse p\u00fablico e an\u00e1lise cr\u00edtica de temas pol\u00edticos, sociais e institucionais.<\/p>\n<\/p><\/div>\n<\/section>\n","protected":false},"excerpt":{"rendered":"<p>Caso teria ocorrido dentro de banheiro da unidade e foi registrado como estupro de vulner\u00e1vel A Pol\u00edcia Civil do Estado de S\u00e3o Paulo apura uma den\u00fancia de viol\u00eancia sexual envolvendo estudantes dentro de uma escola localizada na zona norte da cidade de S\u00e3o Paulo. Segundo relato feito pela m\u00e3e de um menino de 12 anos,<\/p>\n","protected":false},"author":808,"featured_media":155678,"comment_status":"closed","ping_status":"closed","sticky":false,"template":"","format":"standard","meta":{"footnotes":""},"categories":[59,1],"tags":[],"class_list":{"0":"post-155677","1":"post","2":"type-post","3":"status-publish","4":"format-standard","5":"has-post-thumbnail","7":"category-bairros","8":"category-todas-noticias"},"_links":{"self":[{"href":"https:\/\/obuxixeiro.com.br\/index.php?rest_route=\/wp\/v2\/posts\/155677","targetHints":{"allow":["GET"]}}],"collection":[{"href":"https:\/\/obuxixeiro.com.br\/index.php?rest_route=\/wp\/v2\/posts"}],"about":[{"href":"https:\/\/obuxixeiro.com.br\/index.php?rest_route=\/wp\/v2\/types\/post"}],"author":[{"embeddable":true,"href":"https:\/\/obuxixeiro.com.br\/index.php?rest_route=\/wp\/v2\/users\/808"}],"replies":[{"embeddable":true,"href":"https:\/\/obuxixeiro.com.br\/index.php?rest_route=%2Fwp%2Fv2%2Fcomments&post=155677"}],"version-history":[{"count":0,"href":"https:\/\/obuxixeiro.com.br\/index.php?rest_route=\/wp\/v2\/posts\/155677\/revisions"}],"wp:featuredmedia":[{"embeddable":true,"href":"https:\/\/obuxixeiro.com.br\/index.php?rest_route=\/wp\/v2\/media\/155678"}],"wp:attachment":[{"href":"https:\/\/obuxixeiro.com.br\/index.php?rest_route=%2Fwp%2Fv2%2Fmedia&parent=155677"}],"wp:term":[{"taxonomy":"category","embeddable":true,"href":"https:\/\/obuxixeiro.com.br\/index.php?rest_route=%2Fwp%2Fv2%2Fcategories&post=155677"},{"taxonomy":"post_tag","embeddable":true,"href":"https:\/\/obuxixeiro.com.br\/index.php?rest_route=%2Fwp%2Fv2%2Ftags&post=155677"}],"curies":[{"name":"wp","href":"https:\/\/api.w.org\/{rel}","templated":true}]}}