{"id":155679,"date":"2026-03-09T20:20:00","date_gmt":"2026-03-09T23:20:00","guid":{"rendered":"https:\/\/obuxixeiro.com.br\/2026\/03\/09\/homem-morre-e-dois-ficam-feridos-apos-ataque-a-tiros-em-oficina-na-brasilandia-em-sao-paulo\/"},"modified":"2026-03-09T20:20:00","modified_gmt":"2026-03-09T23:20:00","slug":"homem-morre-e-dois-ficam-feridos-apos-ataque-a-tiros-em-oficina-na-brasilandia-em-sao-paulo","status":"publish","type":"post","link":"https:\/\/obuxixeiro.com.br\/?p=155679","title":{"rendered":"Homem morre e dois ficam feridos ap\u00f3s ataque a tiros em oficina na Brasil\u00e2ndia, em S\u00e3o Paulo"},"content":{"rendered":"\n<div>\n<p><strong>Suspeito fugiu do local em um carro e caso \u00e9 investigado pela Pol\u00edcia Civil<\/strong><\/p>\n<p>Um homem morreu e outras duas pessoas ficaram feridas ap\u00f3s um ataque a tiros dentro de uma oficina mec\u00e2nica, na tarde de s\u00e1bado (7), no bairro Brasil\u00e2ndia, na Zona Norte de S\u00e3o Paulo.<\/p>\n<p><strong>O crime ocorreu na Rua Cl\u00e1udio Ghirelli.<\/strong><\/p>\n<p>Segundo informa\u00e7\u00f5es da Pol\u00edcia Militar, o suspeito teria uma desaven\u00e7a com uma das v\u00edtimas, que seria o alvo do ataque.<\/p>\n<p><strong>V\u00edtimas foram socorridas por testemunhas<\/strong><\/p>\n<p>No momento dos disparos, al\u00e9m do alvo do atirador, outras duas pessoas que estavam na oficina tamb\u00e9m foram atingidas.<\/p>\n<p>As v\u00edtimas foram socorridas por pessoas que estavam no local e levadas para a Unidade de Pronto Atendimento (UPA) 21 de Junho.<\/p>\n<p>O homem que seria o alvo do ataque chegou a ser transferido em estado grave para o Pronto-Socorro Vila Penteado, mas n\u00e3o resistiu aos ferimentos e morreu.<\/p>\n<p>As outras duas v\u00edtimas receberam atendimento m\u00e9dico e n\u00e3o correm risco de morte, segundo informa\u00e7\u00f5es da pol\u00edcia.<\/p>\n<p><strong>Suspeito fugiu ap\u00f3s o crime<\/strong><\/p>\n<p>Ap\u00f3s o ataque, o atirador fugiu em um carro Renault Sandero prata.<\/p>\n<p>At\u00e9 o momento, a identidade do suspeito n\u00e3o foi confirmada.<\/p>\n<p><strong>Investiga\u00e7\u00e3o<\/strong><\/p>\n<p>A Pol\u00edcia Civil investiga o caso para identificar o autor dos disparos e esclarecer as circunst\u00e2ncias do crime.<\/p>\n<p>A motiva\u00e7\u00e3o inicial apontada \u00e9 uma poss\u00edvel desaven\u00e7a entre o suspeito e a v\u00edtima que morreu, mas o caso segue sob investiga\u00e7\u00e3o.<\/p>\n<p><strong>Espa\u00e7o para manifesta\u00e7\u00e3o<\/strong><\/p>\n<p>O espa\u00e7o permanece aberto para manifesta\u00e7\u00f5es da Secretaria da Seguran\u00e7a P\u00fablica de S\u00e3o Paulo (SSP-SP) e de familiares das v\u00edtimas.<\/p>\n<p>A reportagem poder\u00e1 ser atualizada caso novas informa\u00e7\u00f5es sejam divulgadas pelas autoridades.<\/p>\n<p><strong>HostingPRESS Ag\u00eancia de Not\u00edcias de S\u00e3o Paulo<\/strong><br \/>Conte\u00fado distribu\u00eddo por nossa Central de Jornalismo<br \/>Reprodu\u00e7\u00e3o autorizada mediante cr\u00e9dito da fonte<\/p>\n<p>Portal criado para conectar os leitores da regi\u00e3o ao melhor conte\u00fado<\/p>\n<p>Somos l\u00edderes de audi\u00eancia local. Somos sociais.\u00a0Conecte-se conosco.<\/p>\n<\/p><\/div>\n<section>  \t<img alt=\"Avatar photo\" src=\"https:\/\/hostingpress.com.br\/wp-content\/uploads\/2026\/03\/cropped-Divilgacao-95x95.jpeg\"  height=\"95\" width=\"95\" decoding=\"async\">\t \t<\/p>\n<div>\n<p>Vinicius Moror\u00f3<\/p>\n<p>Editor-Executivo-Regional | Jornalista | Diretor Editorial    Editor-Executivo-Regional da HostingPress Ag\u00eancia de Not\u00edcias de S\u00e3o Paulo, com atua\u00e7\u00e3o voltada \u00e0 coordena\u00e7\u00e3o editorial regional, articula\u00e7\u00e3o com ve\u00edculos parceiros e fortalecimento da distribui\u00e7\u00e3o de conte\u00fado jornal\u00edstico no Estado de S\u00e3o Paulo.      Editor-chefe do Jornal Impacto Cotia, com foco em jornalismo investigativo, interesse p\u00fablico e an\u00e1lise cr\u00edtica de temas pol\u00edticos, sociais e institucionais.<\/p>\n<\/p><\/div>\n<\/section>\n","protected":false},"excerpt":{"rendered":"<p>Suspeito fugiu do local em um carro e caso \u00e9 investigado pela Pol\u00edcia Civil Um homem morreu e outras duas pessoas ficaram feridas ap\u00f3s um ataque a tiros dentro de uma oficina mec\u00e2nica, na tarde de s\u00e1bado (7), no bairro Brasil\u00e2ndia, na Zona Norte de S\u00e3o Paulo. O crime ocorreu na Rua Cl\u00e1udio Ghirelli. Segundo<\/p>\n","protected":false},"author":808,"featured_media":155680,"comment_status":"closed","ping_status":"closed","sticky":false,"template":"","format":"standard","meta":{"footnotes":""},"categories":[59,1],"tags":[],"class_list":{"0":"post-155679","1":"post","2":"type-post","3":"status-publish","4":"format-standard","5":"has-post-thumbnail","7":"category-bairros","8":"category-todas-noticias"},"_links":{"self":[{"href":"https:\/\/obuxixeiro.com.br\/index.php?rest_route=\/wp\/v2\/posts\/155679","targetHints":{"allow":["GET"]}}],"collection":[{"href":"https:\/\/obuxixeiro.com.br\/index.php?rest_route=\/wp\/v2\/posts"}],"about":[{"href":"https:\/\/obuxixeiro.com.br\/index.php?rest_route=\/wp\/v2\/types\/post"}],"author":[{"embeddable":true,"href":"https:\/\/obuxixeiro.com.br\/index.php?rest_route=\/wp\/v2\/users\/808"}],"replies":[{"embeddable":true,"href":"https:\/\/obuxixeiro.com.br\/index.php?rest_route=%2Fwp%2Fv2%2Fcomments&post=155679"}],"version-history":[{"count":0,"href":"https:\/\/obuxixeiro.com.br\/index.php?rest_route=\/wp\/v2\/posts\/155679\/revisions"}],"wp:featuredmedia":[{"embeddable":true,"href":"https:\/\/obuxixeiro.com.br\/index.php?rest_route=\/wp\/v2\/media\/155680"}],"wp:attachment":[{"href":"https:\/\/obuxixeiro.com.br\/index.php?rest_route=%2Fwp%2Fv2%2Fmedia&parent=155679"}],"wp:term":[{"taxonomy":"category","embeddable":true,"href":"https:\/\/obuxixeiro.com.br\/index.php?rest_route=%2Fwp%2Fv2%2Fcategories&post=155679"},{"taxonomy":"post_tag","embeddable":true,"href":"https:\/\/obuxixeiro.com.br\/index.php?rest_route=%2Fwp%2Fv2%2Ftags&post=155679"}],"curies":[{"name":"wp","href":"https:\/\/api.w.org\/{rel}","templated":true}]}}