{"id":155681,"date":"2026-04-11T23:13:00","date_gmt":"2026-04-12T02:13:00","guid":{"rendered":"https:\/\/obuxixeiro.com.br\/2026\/04\/11\/kitnet-de-10-m-viraliza-e-levanta-debate-sobre-moradia-em-sao-paulo\/"},"modified":"2026-04-11T23:13:00","modified_gmt":"2026-04-12T02:13:00","slug":"kitnet-de-10-m-viraliza-e-levanta-debate-sobre-moradia-em-sao-paulo","status":"publish","type":"post","link":"https:\/\/obuxixeiro.com.br\/?p=155681","title":{"rendered":"Kitnet de 10 m viraliza e levanta debate sobre moradia em S\u00e3o Paulo"},"content":{"rendered":"\n<div>\n<p><strong>Im\u00f3vel comporta apenas itens b\u00e1sicos e exp\u00f5e limites do mercado imobili\u00e1rio na capital<\/strong><\/p>\n<p>Uma kitnet com espa\u00e7o reduzido chamou aten\u00e7\u00e3o nas redes sociais ao mostrar as condi\u00e7\u00f5es m\u00ednimas de moradia dispon\u00edveis em S\u00e3o Paulo. O im\u00f3vel, que viralizou na internet, comporta basicamente um colch\u00e3o de solteiro, um frigobar e uma televis\u00e3o fixada na parede.<\/p>\n<p>O caso reacende o debate sobre o tamanho das moradias e o custo de viver na capital paulista.<\/p>\n<p><strong>Espa\u00e7o limitado<\/strong><\/p>\n<p>O ambiente compacto evidencia a limita\u00e7\u00e3o f\u00edsica do im\u00f3vel, com estrutura voltada apenas para necessidades b\u00e1sicas. A circula\u00e7\u00e3o no espa\u00e7o \u00e9 restrita, o que gerou repercuss\u00e3o entre usu\u00e1rios nas redes sociais.<\/p>\n<p><strong>Mercado imobili\u00e1rio<\/strong><\/p>\n<p>A oferta de unidades cada vez menores tem se tornado mais comum em grandes cidades, impulsionada pelo alto valor dos im\u00f3veis e pela busca por localiza\u00e7\u00e3o.<\/p>\n<p>Esses espa\u00e7os costumam ser direcionados a pessoas que vivem sozinhas ou buscam alternativas mais acess\u00edveis.<\/p>\n<p><strong>Debate sobre habita\u00e7\u00e3o<\/strong><\/p>\n<p>A repercuss\u00e3o do caso levanta discuss\u00f5es sobre qualidade de moradia, planejamento urbano e acesso \u00e0 habita\u00e7\u00e3o em centros urbanos.<\/p>\n<p>Especialistas apontam que o crescimento desse tipo de im\u00f3vel est\u00e1 ligado \u00e0 valoriza\u00e7\u00e3o imobili\u00e1ria e \u00e0 densidade populacional.<\/p>\n<p><strong>HostingPRESS Ag\u00eancia de Not\u00edcias de S\u00e3o Paulo<\/strong><br \/>Conte\u00fado distribu\u00eddo por nossa Central de Jornalismo<br \/>Reprodu\u00e7\u00e3o autorizada mediante cr\u00e9dito da fonte<\/p>\n<p>Portal criado para conectar os leitores da regi\u00e3o ao melhor conte\u00fado<\/p>\n<p>Somos l\u00edderes de audi\u00eancia local. Somos sociais.\u00a0Conecte-se conosco.<\/p>\n<\/p><\/div>\n<section>  \t<img alt=\"Avatar photo\" src=\"https:\/\/hostingpress.com.br\/wp-content\/uploads\/2026\/03\/cropped-Divilgacao-95x95.jpeg\"  height=\"95\" width=\"95\" decoding=\"async\">\t \t<\/p>\n<div>\n<p>Vinicius Moror\u00f3<\/p>\n<p>Editor-Executivo-Regional | Jornalista | Diretor Editorial    Editor-Executivo-Regional da HostingPress Ag\u00eancia de Not\u00edcias de S\u00e3o Paulo, com atua\u00e7\u00e3o voltada \u00e0 coordena\u00e7\u00e3o editorial regional, articula\u00e7\u00e3o com ve\u00edculos parceiros e fortalecimento da distribui\u00e7\u00e3o de conte\u00fado jornal\u00edstico no Estado de S\u00e3o Paulo.      Editor-chefe do Jornal Impacto Cotia, com foco em jornalismo investigativo, interesse p\u00fablico e an\u00e1lise cr\u00edtica de temas pol\u00edticos, sociais e institucionais.<\/p>\n<\/p><\/div>\n<\/section>\n","protected":false},"excerpt":{"rendered":"<p>Im\u00f3vel comporta apenas itens b\u00e1sicos e exp\u00f5e limites do mercado imobili\u00e1rio na capital Uma kitnet com espa\u00e7o reduzido chamou aten\u00e7\u00e3o nas redes sociais ao mostrar as condi\u00e7\u00f5es m\u00ednimas de moradia dispon\u00edveis em S\u00e3o Paulo. O im\u00f3vel, que viralizou na internet, comporta basicamente um colch\u00e3o de solteiro, um frigobar e uma televis\u00e3o fixada na parede. O<\/p>\n","protected":false},"author":808,"featured_media":155682,"comment_status":"closed","ping_status":"closed","sticky":false,"template":"","format":"standard","meta":{"footnotes":""},"categories":[59,1],"tags":[],"class_list":{"0":"post-155681","1":"post","2":"type-post","3":"status-publish","4":"format-standard","5":"has-post-thumbnail","7":"category-bairros","8":"category-todas-noticias"},"_links":{"self":[{"href":"https:\/\/obuxixeiro.com.br\/index.php?rest_route=\/wp\/v2\/posts\/155681","targetHints":{"allow":["GET"]}}],"collection":[{"href":"https:\/\/obuxixeiro.com.br\/index.php?rest_route=\/wp\/v2\/posts"}],"about":[{"href":"https:\/\/obuxixeiro.com.br\/index.php?rest_route=\/wp\/v2\/types\/post"}],"author":[{"embeddable":true,"href":"https:\/\/obuxixeiro.com.br\/index.php?rest_route=\/wp\/v2\/users\/808"}],"replies":[{"embeddable":true,"href":"https:\/\/obuxixeiro.com.br\/index.php?rest_route=%2Fwp%2Fv2%2Fcomments&post=155681"}],"version-history":[{"count":0,"href":"https:\/\/obuxixeiro.com.br\/index.php?rest_route=\/wp\/v2\/posts\/155681\/revisions"}],"wp:featuredmedia":[{"embeddable":true,"href":"https:\/\/obuxixeiro.com.br\/index.php?rest_route=\/wp\/v2\/media\/155682"}],"wp:attachment":[{"href":"https:\/\/obuxixeiro.com.br\/index.php?rest_route=%2Fwp%2Fv2%2Fmedia&parent=155681"}],"wp:term":[{"taxonomy":"category","embeddable":true,"href":"https:\/\/obuxixeiro.com.br\/index.php?rest_route=%2Fwp%2Fv2%2Fcategories&post=155681"},{"taxonomy":"post_tag","embeddable":true,"href":"https:\/\/obuxixeiro.com.br\/index.php?rest_route=%2Fwp%2Fv2%2Ftags&post=155681"}],"curies":[{"name":"wp","href":"https:\/\/api.w.org\/{rel}","templated":true}]}}