{"id":155683,"date":"2026-04-11T01:40:00","date_gmt":"2026-04-11T04:40:00","guid":{"rendered":"https:\/\/obuxixeiro.com.br\/2026\/04\/11\/linhas-de-onibus-de-embu-guacu-terao-mudancas-com-novo-terminal-varginha\/"},"modified":"2026-04-11T01:40:00","modified_gmt":"2026-04-11T04:40:00","slug":"linhas-de-onibus-de-embu-guacu-terao-mudancas-com-novo-terminal-varginha","status":"publish","type":"post","link":"https:\/\/obuxixeiro.com.br\/?p=155683","title":{"rendered":"Linhas de \u00f4nibus de Embu-Gua\u00e7u ter\u00e3o mudan\u00e7as com novo terminal Varginha"},"content":{"rendered":"\n<div>\n<p><strong>Altera\u00e7\u00f5es come\u00e7am com a inaugura\u00e7\u00e3o da Esta\u00e7\u00e3o Varginha e afetam deslocamento at\u00e9 S\u00e3o Paulo<\/strong><\/p>\n<p>Linhas de \u00f4nibus que ligam Embu-Gua\u00e7u \u00e0 S\u00e3o Paulo passar\u00e3o por mudan\u00e7as operacionais com a inaugura\u00e7\u00e3o do Terminal Varginha, na zona sul da capital. A altera\u00e7\u00e3o faz parte da reorganiza\u00e7\u00e3o do transporte p\u00fablico na regi\u00e3o.<\/p>\n<p>As mudan\u00e7as envolvem ajustes em itiner\u00e1rios e integra\u00e7\u00e3o com o novo ponto de conex\u00e3o, que passa a concentrar parte do fluxo de passageiros.<\/p>\n<p><strong>Integra\u00e7\u00e3o com transporte sobre trilhos<\/strong><\/p>\n<p>O terminal est\u00e1 conectado \u00e0 Linha 9-Esmeralda, permitindo que passageiros utilizem o sistema ferrovi\u00e1rio para completar o trajeto at\u00e9 outras regi\u00f5es da cidade.<\/p>\n<p>A medida busca reduzir o tempo de deslocamento e reorganizar o fluxo de \u00f4nibus que chegam \u00e0 capital.<\/p>\n<p><strong>Altera\u00e7\u00f5es nas linhas<\/strong><\/p>\n<p>Com a mudan\u00e7a, parte das linhas intermunicipais deixa de seguir at\u00e9 \u00e1reas mais centrais da cidade, passando a ter como destino o novo terminal.<\/p>\n<p>A partir desse ponto, os passageiros dever\u00e3o utilizar o trem para continuar a viagem.<\/p>\n<p><strong>Impacto para usu\u00e1rios<\/strong><\/p>\n<p>A altera\u00e7\u00e3o pode modificar a rotina de quem depende das linhas, especialmente no tempo total de deslocamento e na necessidade de integra\u00e7\u00e3o entre modais.<\/p>\n<p>A expectativa \u00e9 que o novo modelo melhore a distribui\u00e7\u00e3o do transporte na regi\u00e3o sul da capital.<\/p>\n<p><strong>HostingPRESS Ag\u00eancia de Not\u00edcias de S\u00e3o Paulo<\/strong><br \/>Conte\u00fado distribu\u00eddo por nossa Central de Jornalismo<br \/>Reprodu\u00e7\u00e3o autorizada mediante cr\u00e9dito da fonte<\/p>\n<p>Portal criado para conectar os leitores da regi\u00e3o ao melhor conte\u00fado<\/p>\n<p>Somos l\u00edderes de audi\u00eancia local. Somos sociais.\u00a0Conecte-se conosco.<\/p>\n<\/p><\/div>\n<section>  \t<img alt=\"Avatar photo\" src=\"https:\/\/hostingpress.com.br\/wp-content\/uploads\/2026\/03\/cropped-Divilgacao-95x95.jpeg\"  height=\"95\" width=\"95\" decoding=\"async\">\t \t<\/p>\n<div>\n<p>Vinicius Moror\u00f3<\/p>\n<p>Editor-Executivo-Regional | Jornalista | Diretor Editorial    Editor-Executivo-Regional da HostingPress Ag\u00eancia de Not\u00edcias de S\u00e3o Paulo, com atua\u00e7\u00e3o voltada \u00e0 coordena\u00e7\u00e3o editorial regional, articula\u00e7\u00e3o com ve\u00edculos parceiros e fortalecimento da distribui\u00e7\u00e3o de conte\u00fado jornal\u00edstico no Estado de S\u00e3o Paulo.      Editor-chefe do Jornal Impacto Cotia, com foco em jornalismo investigativo, interesse p\u00fablico e an\u00e1lise cr\u00edtica de temas pol\u00edticos, sociais e institucionais.<\/p>\n<\/p><\/div>\n<\/section>\n","protected":false},"excerpt":{"rendered":"<p>Altera\u00e7\u00f5es come\u00e7am com a inaugura\u00e7\u00e3o da Esta\u00e7\u00e3o Varginha e afetam deslocamento at\u00e9 S\u00e3o Paulo Linhas de \u00f4nibus que ligam Embu-Gua\u00e7u \u00e0 S\u00e3o Paulo passar\u00e3o por mudan\u00e7as operacionais com a inaugura\u00e7\u00e3o do Terminal Varginha, na zona sul da capital. A altera\u00e7\u00e3o faz parte da reorganiza\u00e7\u00e3o do transporte p\u00fablico na regi\u00e3o. As mudan\u00e7as envolvem ajustes em itiner\u00e1rios<\/p>\n","protected":false},"author":808,"featured_media":155684,"comment_status":"closed","ping_status":"closed","sticky":false,"template":"","format":"standard","meta":{"footnotes":""},"categories":[59,1],"tags":[],"class_list":{"0":"post-155683","1":"post","2":"type-post","3":"status-publish","4":"format-standard","5":"has-post-thumbnail","7":"category-bairros","8":"category-todas-noticias"},"_links":{"self":[{"href":"https:\/\/obuxixeiro.com.br\/index.php?rest_route=\/wp\/v2\/posts\/155683","targetHints":{"allow":["GET"]}}],"collection":[{"href":"https:\/\/obuxixeiro.com.br\/index.php?rest_route=\/wp\/v2\/posts"}],"about":[{"href":"https:\/\/obuxixeiro.com.br\/index.php?rest_route=\/wp\/v2\/types\/post"}],"author":[{"embeddable":true,"href":"https:\/\/obuxixeiro.com.br\/index.php?rest_route=\/wp\/v2\/users\/808"}],"replies":[{"embeddable":true,"href":"https:\/\/obuxixeiro.com.br\/index.php?rest_route=%2Fwp%2Fv2%2Fcomments&post=155683"}],"version-history":[{"count":0,"href":"https:\/\/obuxixeiro.com.br\/index.php?rest_route=\/wp\/v2\/posts\/155683\/revisions"}],"wp:featuredmedia":[{"embeddable":true,"href":"https:\/\/obuxixeiro.com.br\/index.php?rest_route=\/wp\/v2\/media\/155684"}],"wp:attachment":[{"href":"https:\/\/obuxixeiro.com.br\/index.php?rest_route=%2Fwp%2Fv2%2Fmedia&parent=155683"}],"wp:term":[{"taxonomy":"category","embeddable":true,"href":"https:\/\/obuxixeiro.com.br\/index.php?rest_route=%2Fwp%2Fv2%2Fcategories&post=155683"},{"taxonomy":"post_tag","embeddable":true,"href":"https:\/\/obuxixeiro.com.br\/index.php?rest_route=%2Fwp%2Fv2%2Ftags&post=155683"}],"curies":[{"name":"wp","href":"https:\/\/api.w.org\/{rel}","templated":true}]}}