{"id":155685,"date":"2026-03-27T08:45:00","date_gmt":"2026-03-27T11:45:00","guid":{"rendered":"https:\/\/obuxixeiro.com.br\/2026\/03\/27\/policia-civil-realiza-operacao-contra-quadrilha-de-roubos-a-residencias-com-base-em-paraisopolis\/"},"modified":"2026-03-27T08:45:00","modified_gmt":"2026-03-27T11:45:00","slug":"policia-civil-realiza-operacao-contra-quadrilha-de-roubos-a-residencias-com-base-em-paraisopolis","status":"publish","type":"post","link":"https:\/\/obuxixeiro.com.br\/?p=155685","title":{"rendered":"Pol\u00edcia Civil realiza opera\u00e7\u00e3o contra quadrilha de roubos a resid\u00eancias com base em Parais\u00f3polis"},"content":{"rendered":"\n<div>\n<p><strong>Mandados s\u00e3o cumpridos na capital ap\u00f3s investiga\u00e7\u00e3o apontar atua\u00e7\u00e3o violenta em cidades do interior paulista<\/strong><\/p>\n<p>A Pol\u00edcia Civil de S\u00e3o Paulo realiza nesta quinta-feira, <strong>26 de mar\u00e7o<\/strong>, a <strong>Opera\u00e7\u00e3o Ref\u00fagio Violado<\/strong> na comunidade de <strong>Parais\u00f3polis<\/strong>, na zona sul da capital, contra uma quadrilha suspeita de praticar roubos a resid\u00eancias.<\/p>\n<p>A a\u00e7\u00e3o \u00e9 conduzida pela <strong>4\u00aa Delegacia da Divis\u00e3o de Investiga\u00e7\u00f5es sobre Crimes contra o Patrim\u00f4nio (Disccpat)<\/strong>, vinculada ao <strong>Departamento Estadual de Investiga\u00e7\u00f5es Criminais (Deic)<\/strong>.<\/p>\n<p>Ao todo, est\u00e3o sendo cumpridos <strong>14 mandados de pris\u00e3o<\/strong> e <strong>27 mandados de busca e apreens\u00e3o<\/strong>. At\u00e9 a \u00faltima atualiza\u00e7\u00e3o, n\u00e3o havia confirma\u00e7\u00e3o oficial sobre o n\u00famero de detidos.<\/p>\n<p>Segundo as investiga\u00e7\u00f5es, o grupo atuava principalmente em <strong>cidades do Circuito das \u00c1guas Paulista<\/strong>, na regi\u00e3o da Serra da Mantiqueira, como <strong>Amparo<\/strong>, escolhendo im\u00f3veis em \u00e1reas pr\u00f3ximas a zonas rurais.<\/p>\n<p>De acordo com a Secretaria da Seguran\u00e7a P\u00fablica, embora os crimes fossem praticados no interior, o <strong>n\u00facleo central da organiza\u00e7\u00e3o estava instalado em Parais\u00f3polis<\/strong>.<\/p>\n<p>A apura\u00e7\u00e3o indica que os suspeitos acessavam os im\u00f3veis por <strong>trechos de mata<\/strong>, com o objetivo de evitar detec\u00e7\u00e3o. As a\u00e7\u00f5es ocorriam, em geral, durante a madrugada e podiam se estender por v\u00e1rias horas.<\/p>\n<p>Ainda segundo a investiga\u00e7\u00e3o, os criminosos utilizavam <strong>armamento de alto calibre<\/strong> e mantinham as v\u00edtimas sob amea\u00e7a, caracterizando atua\u00e7\u00e3o com elevado grau de viol\u00eancia.<\/p>\n<p>A Pol\u00edcia Civil tamb\u00e9m apura a poss\u00edvel participa\u00e7\u00e3o de integrantes do grupo em <strong>roubos a estabelecimentos comerciais na capital<\/strong>, especialmente em regi\u00f5es pr\u00f3ximas \u00e0 comunidade.<\/p>\n<p>A opera\u00e7\u00e3o segue em andamento, e novas informa\u00e7\u00f5es devem ser divulgadas conforme o avan\u00e7o das dilig\u00eancias.<\/p>\n<p><strong>Os citados n\u00e3o se manifestaram at\u00e9 a publica\u00e7\u00e3o desta mat\u00e9ria. O espa\u00e7o permanece aberto para manifesta\u00e7\u00f5es.<\/strong><\/p>\n<p><strong>HostingPRESS Ag\u00eancia de Not\u00edcias de S\u00e3o Paulo<\/strong><br \/>Conte\u00fado distribu\u00eddo por nossa Central de Jornalismo<br \/>Reprodu\u00e7\u00e3o autorizada mediante cr\u00e9dito da fonte<\/p>\n<p>Portal criado para conectar os leitores da regi\u00e3o ao melhor conte\u00fado<\/p>\n<p>Somos l\u00edderes de audi\u00eancia local. Somos sociais.\u00a0Conecte-se conosco.<\/p>\n<\/p><\/div>\n<section>  \t<img alt=\"Avatar photo\" src=\"https:\/\/hostingpress.com.br\/wp-content\/uploads\/2026\/03\/cropped-Divilgacao-95x95.jpeg\"  height=\"95\" width=\"95\" decoding=\"async\">\t \t<\/p>\n<div>\n<p>Vinicius Moror\u00f3<\/p>\n<p>Editor-Executivo-Regional | Jornalista | Diretor Editorial    Editor-Executivo-Regional da HostingPress Ag\u00eancia de Not\u00edcias de S\u00e3o Paulo, com atua\u00e7\u00e3o voltada \u00e0 coordena\u00e7\u00e3o editorial regional, articula\u00e7\u00e3o com ve\u00edculos parceiros e fortalecimento da distribui\u00e7\u00e3o de conte\u00fado jornal\u00edstico no Estado de S\u00e3o Paulo.      Editor-chefe do Jornal Impacto Cotia, com foco em jornalismo investigativo, interesse p\u00fablico e an\u00e1lise cr\u00edtica de temas pol\u00edticos, sociais e institucionais.<\/p>\n<\/p><\/div>\n<\/section>\n","protected":false},"excerpt":{"rendered":"<p>Mandados s\u00e3o cumpridos na capital ap\u00f3s investiga\u00e7\u00e3o apontar atua\u00e7\u00e3o violenta em cidades do interior paulista A Pol\u00edcia Civil de S\u00e3o Paulo realiza nesta quinta-feira, 26 de mar\u00e7o, a Opera\u00e7\u00e3o Ref\u00fagio Violado na comunidade de Parais\u00f3polis, na zona sul da capital, contra uma quadrilha suspeita de praticar roubos a resid\u00eancias. A a\u00e7\u00e3o \u00e9 conduzida pela 4\u00aa<\/p>\n","protected":false},"author":808,"featured_media":155686,"comment_status":"closed","ping_status":"closed","sticky":false,"template":"","format":"standard","meta":{"footnotes":""},"categories":[59,1],"tags":[],"class_list":{"0":"post-155685","1":"post","2":"type-post","3":"status-publish","4":"format-standard","5":"has-post-thumbnail","7":"category-bairros","8":"category-todas-noticias"},"_links":{"self":[{"href":"https:\/\/obuxixeiro.com.br\/index.php?rest_route=\/wp\/v2\/posts\/155685","targetHints":{"allow":["GET"]}}],"collection":[{"href":"https:\/\/obuxixeiro.com.br\/index.php?rest_route=\/wp\/v2\/posts"}],"about":[{"href":"https:\/\/obuxixeiro.com.br\/index.php?rest_route=\/wp\/v2\/types\/post"}],"author":[{"embeddable":true,"href":"https:\/\/obuxixeiro.com.br\/index.php?rest_route=\/wp\/v2\/users\/808"}],"replies":[{"embeddable":true,"href":"https:\/\/obuxixeiro.com.br\/index.php?rest_route=%2Fwp%2Fv2%2Fcomments&post=155685"}],"version-history":[{"count":0,"href":"https:\/\/obuxixeiro.com.br\/index.php?rest_route=\/wp\/v2\/posts\/155685\/revisions"}],"wp:featuredmedia":[{"embeddable":true,"href":"https:\/\/obuxixeiro.com.br\/index.php?rest_route=\/wp\/v2\/media\/155686"}],"wp:attachment":[{"href":"https:\/\/obuxixeiro.com.br\/index.php?rest_route=%2Fwp%2Fv2%2Fmedia&parent=155685"}],"wp:term":[{"taxonomy":"category","embeddable":true,"href":"https:\/\/obuxixeiro.com.br\/index.php?rest_route=%2Fwp%2Fv2%2Fcategories&post=155685"},{"taxonomy":"post_tag","embeddable":true,"href":"https:\/\/obuxixeiro.com.br\/index.php?rest_route=%2Fwp%2Fv2%2Ftags&post=155685"}],"curies":[{"name":"wp","href":"https:\/\/api.w.org\/{rel}","templated":true}]}}