{"id":155689,"date":"2026-04-08T00:06:00","date_gmt":"2026-04-08T03:06:00","guid":{"rendered":"https:\/\/obuxixeiro.com.br\/2026\/04\/08\/julgamentos-virtuais-no-judiciario-geram-debate-sobre-rapidez-e-qualidade-das-decisoes\/"},"modified":"2026-04-08T00:06:00","modified_gmt":"2026-04-08T03:06:00","slug":"julgamentos-virtuais-no-judiciario-geram-debate-sobre-rapidez-e-qualidade-das-decisoes","status":"publish","type":"post","link":"https:\/\/obuxixeiro.com.br\/?p=155689","title":{"rendered":"Julgamentos virtuais no Judici\u00e1rio geram debate sobre rapidez e qualidade das decis\u00f5es"},"content":{"rendered":"\n<div>\n<p><strong>Ex-presidente da OAB SP alerta para risco de decis\u00f5es apressadas e critica falta de debate no modelo digital<\/strong><\/p>\n<p>O avan\u00e7o dos julgamentos virtuais no Judici\u00e1rio tem intensificado o debate sobre os limites entre rapidez e qualidade das decis\u00f5es. Durante evento realizado na sede da OAB S\u00e3o Paulo, na \u00faltima segunda-feira (6), a conselheira federal <strong>Patricia Vanzolini<\/strong> afirmou que \u201c<strong>uma justi\u00e7a tardia \u00e9 uma injusti\u00e7a<\/strong>\u201d, mas alertou que a busca por agilidade n\u00e3o pode comprometer o resultado final dos processos.<\/p>\n<p>Segundo a ex-presidente da OAB SP, a morosidade do sistema \u00e9 um problema reconhecido, mas solu\u00e7\u00f5es adotadas para acelerar julgamentos podem gerar efeitos negativos.<\/p>\n<p>Ela destacou que h\u00e1 casos complexos sendo decididos em curto espa\u00e7o de tempo, o que levanta d\u00favidas sobre a profundidade da an\u00e1lise.<\/p>\n<p><strong>Cr\u00edtica ao modelo virtual aponta falta de debate<\/strong><\/p>\n<p>Um dos principais pontos levantados foi o formato dos julgamentos virtuais, em que os votos s\u00e3o apresentados individualmente, sem discuss\u00e3o entre os magistrados.<\/p>\n<p>De acordo com Vanzolini, isso transforma o processo em uma <strong>\u201csoma de votos\u201d<\/strong>, reduzindo o debate jur\u00eddico e a constru\u00e7\u00e3o coletiva das decis\u00f5es.<\/p>\n<p><strong>Advocacia perde espa\u00e7o de atua\u00e7\u00e3o, diz conselheira<\/strong><\/p>\n<p>Outro ponto criticado foi a limita\u00e7\u00e3o da atua\u00e7\u00e3o dos advogados no ambiente virtual.<\/p>\n<p>Diferentemente das sess\u00f5es presenciais ou telepresenciais, o modelo n\u00e3o permite sustenta\u00e7\u00e3o oral em tempo real nem interven\u00e7\u00f5es durante o julgamento, o que pode dificultar a corre\u00e7\u00e3o de eventuais falhas.<\/p>\n<p><strong>Modelo virtual j\u00e1 domina julgamentos no STF<\/strong><\/p>\n<p>Segundo dados citados durante o evento, o formato virtual, que inicialmente era restrito, hoje representa cerca de <strong>97,5% dos julgamentos no Supremo Tribunal Federal (STF)<\/strong>.<\/p>\n<p>A expans\u00e3o do modelo levanta questionamentos sobre transpar\u00eancia, participa\u00e7\u00e3o e qualidade das decis\u00f5es.<\/p>\n<p>O debate ocorreu durante o painel sobre julgamento virtual, que reuniu juristas e especialistas para discutir os impactos do uso de ferramentas digitais no sistema de Justi\u00e7a.<\/p>\n<p><strong>HostingPRESS Ag\u00eancia de Not\u00edcias de S\u00e3o Paulo<\/strong><br \/>Conte\u00fado distribu\u00eddo por nossa Central de Jornalismo<br \/>Reprodu\u00e7\u00e3o autorizada mediante cr\u00e9dito da fonte<\/p>\n<p>Portal criado para conectar os leitores da regi\u00e3o ao melhor conte\u00fado<\/p>\n<p>Somos l\u00edderes de audi\u00eancia local. Somos sociais.\u00a0Conecte-se conosco.<\/p>\n<\/p><\/div>\n<section>  \t<img alt=\"Avatar photo\" src=\"https:\/\/hostingpress.com.br\/wp-content\/uploads\/2026\/03\/cropped-Divilgacao-95x95.jpeg\"  height=\"95\" width=\"95\" decoding=\"async\">\t \t<\/p>\n<div>\n<p>Vinicius Moror\u00f3<\/p>\n<p>Editor-Executivo-Regional | Jornalista | Diretor Editorial    Editor-Executivo-Regional da HostingPress Ag\u00eancia de Not\u00edcias de S\u00e3o Paulo, com atua\u00e7\u00e3o voltada \u00e0 coordena\u00e7\u00e3o editorial regional, articula\u00e7\u00e3o com ve\u00edculos parceiros e fortalecimento da distribui\u00e7\u00e3o de conte\u00fado jornal\u00edstico no Estado de S\u00e3o Paulo.      Editor-chefe do Jornal Impacto Cotia, com foco em jornalismo investigativo, interesse p\u00fablico e an\u00e1lise cr\u00edtica de temas pol\u00edticos, sociais e institucionais.<\/p>\n<\/p><\/div>\n<\/section>\n","protected":false},"excerpt":{"rendered":"<p>Ex-presidente da OAB SP alerta para risco de decis\u00f5es apressadas e critica falta de debate no modelo digital O avan\u00e7o dos julgamentos virtuais no Judici\u00e1rio tem intensificado o debate sobre os limites entre rapidez e qualidade das decis\u00f5es. Durante evento realizado na sede da OAB S\u00e3o Paulo, na \u00faltima segunda-feira (6), a conselheira federal Patricia<\/p>\n","protected":false},"author":808,"featured_media":155690,"comment_status":"closed","ping_status":"closed","sticky":false,"template":"","format":"standard","meta":{"footnotes":""},"categories":[60,1],"tags":[],"class_list":{"0":"post-155689","1":"post","2":"type-post","3":"status-publish","4":"format-standard","5":"has-post-thumbnail","7":"category-governo","8":"category-todas-noticias"},"_links":{"self":[{"href":"https:\/\/obuxixeiro.com.br\/index.php?rest_route=\/wp\/v2\/posts\/155689","targetHints":{"allow":["GET"]}}],"collection":[{"href":"https:\/\/obuxixeiro.com.br\/index.php?rest_route=\/wp\/v2\/posts"}],"about":[{"href":"https:\/\/obuxixeiro.com.br\/index.php?rest_route=\/wp\/v2\/types\/post"}],"author":[{"embeddable":true,"href":"https:\/\/obuxixeiro.com.br\/index.php?rest_route=\/wp\/v2\/users\/808"}],"replies":[{"embeddable":true,"href":"https:\/\/obuxixeiro.com.br\/index.php?rest_route=%2Fwp%2Fv2%2Fcomments&post=155689"}],"version-history":[{"count":0,"href":"https:\/\/obuxixeiro.com.br\/index.php?rest_route=\/wp\/v2\/posts\/155689\/revisions"}],"wp:featuredmedia":[{"embeddable":true,"href":"https:\/\/obuxixeiro.com.br\/index.php?rest_route=\/wp\/v2\/media\/155690"}],"wp:attachment":[{"href":"https:\/\/obuxixeiro.com.br\/index.php?rest_route=%2Fwp%2Fv2%2Fmedia&parent=155689"}],"wp:term":[{"taxonomy":"category","embeddable":true,"href":"https:\/\/obuxixeiro.com.br\/index.php?rest_route=%2Fwp%2Fv2%2Fcategories&post=155689"},{"taxonomy":"post_tag","embeddable":true,"href":"https:\/\/obuxixeiro.com.br\/index.php?rest_route=%2Fwp%2Fv2%2Ftags&post=155689"}],"curies":[{"name":"wp","href":"https:\/\/api.w.org\/{rel}","templated":true}]}}