{"id":155691,"date":"2026-04-07T23:29:00","date_gmt":"2026-04-08T02:29:00","guid":{"rendered":"https:\/\/obuxixeiro.com.br\/2026\/04\/07\/agenda-legislativa-2026-propoe-41-medidas-para-ampliar-credito-e-investimentos-no-brasil\/"},"modified":"2026-04-07T23:29:00","modified_gmt":"2026-04-08T02:29:00","slug":"agenda-legislativa-2026-propoe-41-medidas-para-ampliar-credito-e-investimentos-no-brasil","status":"publish","type":"post","link":"https:\/\/obuxixeiro.com.br\/?p=155691","title":{"rendered":"Agenda Legislativa 2026 prop\u00f5e 41 medidas para ampliar cr\u00e9dito e investimentos no Brasil"},"content":{"rendered":"\n<div>\n<p><strong>Documento lan\u00e7ado na C\u00e2mara mira exporta\u00e7\u00f5es, inova\u00e7\u00e3o e desenvolvimento regional com foco no financiamento de longo prazo<\/strong><\/p>\n<p>A Associa\u00e7\u00e3o Brasileira de Desenvolvimento (ABDE) lan\u00e7ou, nesta ter\u00e7a-feira (7), a <strong>Agenda Legislativa 2026<\/strong>, com <strong>41 propostas voltadas \u00e0 amplia\u00e7\u00e3o do cr\u00e9dito e ao financiamento da economia brasileira<\/strong>. O documento foi apresentado na C\u00e2mara dos Deputados e re\u00fane medidas para fortalecer o <strong>Sistema Nacional de Fomento (SNF)<\/strong>.<\/p>\n<p>A agenda est\u00e1 estruturada em eixos estrat\u00e9gicos que incluem <strong>cr\u00e9dito \u00e0 exporta\u00e7\u00e3o, desenvolvimento regional, incentivo \u00e0 inova\u00e7\u00e3o, defesa de fundos p\u00fablicos e cidades resilientes<\/strong>. A proposta busca ampliar o financiamento de longo prazo e estimular setores considerados essenciais para o crescimento econ\u00f4mico.<\/p>\n<p>O Sistema Nacional de Fomento \u00e9 composto por <strong>35 institui\u00e7\u00f5es financeiras<\/strong>, respons\u00e1veis por apoiar investimentos em \u00e1reas estrat\u00e9gicas. A articula\u00e7\u00e3o pol\u00edtica ocorre por meio de uma frente parlamentar criada em 2023, com participa\u00e7\u00e3o de deputados e senadores.<\/p>\n<p>A agenda tamb\u00e9m re\u00fane medidas j\u00e1 aprovadas e propostas em andamento, incluindo a cria\u00e7\u00e3o de instrumentos de cr\u00e9dito, programas voltados \u00e0 ind\u00fastria e tecnologia e a libera\u00e7\u00e3o de recursos para ci\u00eancia e inova\u00e7\u00e3o. Segundo a ABDE, houve cerca de <strong>63% de \u00eaxito em projetos legislativos recentes<\/strong>, com impacto em pol\u00edticas p\u00fablicas.<\/p>\n<p>O documento ainda destaca a necessidade de ampliar o acesso ao cr\u00e9dito, reduzir desigualdades regionais e fortalecer pequenas e m\u00e9dias empresas. A expectativa \u00e9 que as propostas orientem a atua\u00e7\u00e3o no Congresso Nacional nos pr\u00f3ximos anos.<\/p>\n<p><strong>HostingPRESS Ag\u00eancia de Not\u00edcias de S\u00e3o Paulo<\/strong><br \/>Conte\u00fado distribu\u00eddo por nossa Central de Jornalismo<br \/>Reprodu\u00e7\u00e3o autorizada mediante cr\u00e9dito da fonte<\/p>\n<p>Portal criado para conectar os leitores da regi\u00e3o ao melhor conte\u00fado<\/p>\n<p>Somos l\u00edderes de audi\u00eancia local. Somos sociais.\u00a0Conecte-se conosco.<\/p>\n<\/p><\/div>\n<section>  \t<img alt=\"Avatar photo\" src=\"https:\/\/hostingpress.com.br\/wp-content\/uploads\/2026\/03\/cropped-Divilgacao-95x95.jpeg\"  height=\"95\" width=\"95\" decoding=\"async\">\t \t<\/p>\n<div>\n<p>Vinicius Moror\u00f3<\/p>\n<p>Editor-Executivo-Regional | Jornalista | Diretor Editorial    Editor-Executivo-Regional da HostingPress Ag\u00eancia de Not\u00edcias de S\u00e3o Paulo, com atua\u00e7\u00e3o voltada \u00e0 coordena\u00e7\u00e3o editorial regional, articula\u00e7\u00e3o com ve\u00edculos parceiros e fortalecimento da distribui\u00e7\u00e3o de conte\u00fado jornal\u00edstico no Estado de S\u00e3o Paulo.      Editor-chefe do Jornal Impacto Cotia, com foco em jornalismo investigativo, interesse p\u00fablico e an\u00e1lise cr\u00edtica de temas pol\u00edticos, sociais e institucionais.<\/p>\n<\/p><\/div>\n<\/section>\n","protected":false},"excerpt":{"rendered":"<p>Documento lan\u00e7ado na C\u00e2mara mira exporta\u00e7\u00f5es, inova\u00e7\u00e3o e desenvolvimento regional com foco no financiamento de longo prazo A Associa\u00e7\u00e3o Brasileira de Desenvolvimento (ABDE) lan\u00e7ou, nesta ter\u00e7a-feira (7), a Agenda Legislativa 2026, com 41 propostas voltadas \u00e0 amplia\u00e7\u00e3o do cr\u00e9dito e ao financiamento da economia brasileira. O documento foi apresentado na C\u00e2mara dos Deputados e re\u00fane<\/p>\n","protected":false},"author":808,"featured_media":155692,"comment_status":"closed","ping_status":"closed","sticky":false,"template":"","format":"standard","meta":{"footnotes":""},"categories":[60,1],"tags":[],"class_list":{"0":"post-155691","1":"post","2":"type-post","3":"status-publish","4":"format-standard","5":"has-post-thumbnail","7":"category-governo","8":"category-todas-noticias"},"_links":{"self":[{"href":"https:\/\/obuxixeiro.com.br\/index.php?rest_route=\/wp\/v2\/posts\/155691","targetHints":{"allow":["GET"]}}],"collection":[{"href":"https:\/\/obuxixeiro.com.br\/index.php?rest_route=\/wp\/v2\/posts"}],"about":[{"href":"https:\/\/obuxixeiro.com.br\/index.php?rest_route=\/wp\/v2\/types\/post"}],"author":[{"embeddable":true,"href":"https:\/\/obuxixeiro.com.br\/index.php?rest_route=\/wp\/v2\/users\/808"}],"replies":[{"embeddable":true,"href":"https:\/\/obuxixeiro.com.br\/index.php?rest_route=%2Fwp%2Fv2%2Fcomments&post=155691"}],"version-history":[{"count":0,"href":"https:\/\/obuxixeiro.com.br\/index.php?rest_route=\/wp\/v2\/posts\/155691\/revisions"}],"wp:featuredmedia":[{"embeddable":true,"href":"https:\/\/obuxixeiro.com.br\/index.php?rest_route=\/wp\/v2\/media\/155692"}],"wp:attachment":[{"href":"https:\/\/obuxixeiro.com.br\/index.php?rest_route=%2Fwp%2Fv2%2Fmedia&parent=155691"}],"wp:term":[{"taxonomy":"category","embeddable":true,"href":"https:\/\/obuxixeiro.com.br\/index.php?rest_route=%2Fwp%2Fv2%2Fcategories&post=155691"},{"taxonomy":"post_tag","embeddable":true,"href":"https:\/\/obuxixeiro.com.br\/index.php?rest_route=%2Fwp%2Fv2%2Ftags&post=155691"}],"curies":[{"name":"wp","href":"https:\/\/api.w.org\/{rel}","templated":true}]}}