{"id":155702,"date":"2026-04-03T23:08:00","date_gmt":"2026-04-04T02:08:00","guid":{"rendered":"https:\/\/obuxixeiro.com.br\/2026\/04\/03\/motociclistas-com-carteira-assinada-passam-a-receber-adicional-de-periculosidade-a-partir-desta-sexta-feira\/"},"modified":"2026-04-03T23:08:00","modified_gmt":"2026-04-04T02:08:00","slug":"motociclistas-com-carteira-assinada-passam-a-receber-adicional-de-periculosidade-a-partir-desta-sexta-feira","status":"publish","type":"post","link":"https:\/\/obuxixeiro.com.br\/?p=155702","title":{"rendered":"Motociclistas com carteira assinada passam a receber adicional de periculosidade a partir desta sexta-feira"},"content":{"rendered":"\n<div>\n<p><strong>Pagamento passa a ser obrigat\u00f3rio para trabalhadores CLT que utilizam motocicleta na atividade profissional<\/strong><\/p>\n<p>Motociclistas contratados pelo regime da Consolida\u00e7\u00e3o das Leis do Trabalho (CLT) passam a ter direito ao <strong>adicional de periculosidade a partir desta sexta-feira (3)<\/strong>, conforme nova regra que amplia a remunera\u00e7\u00e3o de profissionais que utilizam motocicletas em suas atividades.<\/p>\n<p>O adicional corresponde a <strong>um acr\u00e9scimo sobre o sal\u00e1rio base<\/strong> e passa a ser obrigat\u00f3rio para trabalhadores que exercem fun\u00e7\u00f5es com uso de motocicleta de forma habitual. A medida alcan\u00e7a categorias como entregadores, motoboys e outros profissionais que dependem do ve\u00edculo para o desempenho do trabalho.<\/p>\n<p>O pagamento do benef\u00edcio est\u00e1 relacionado ao entendimento de que a atividade envolve <strong>exposi\u00e7\u00e3o a riscos no tr\u00e2nsito<\/strong>, o que justifica a inclus\u00e3o do adicional na remunera\u00e7\u00e3o. A regra passa a integrar as obriga\u00e7\u00f5es trabalhistas das empresas que mant\u00eam esse tipo de fun\u00e7\u00e3o.<\/p>\n<p>A aplica\u00e7\u00e3o do adicional depende do enquadramento da atividade e do v\u00ednculo formal de trabalho. Profissionais aut\u00f4nomos ou que atuam fora do regime CLT n\u00e3o est\u00e3o automaticamente inclu\u00eddos na medida.<\/p>\n<p>A mudan\u00e7a impacta diretamente o custo da folha de pagamento para empresas e a renda dos trabalhadores abrangidos, que passam a contar com <strong>remunera\u00e7\u00e3o adicional vinculada ao risco da atividade<\/strong>.<\/p>\n<p><strong>HostingPRESS Ag\u00eancia de Not\u00edcias de S\u00e3o Paulo<\/strong><br \/>Conte\u00fado distribu\u00eddo por nossa Central de Jornalismo<br \/>Reprodu\u00e7\u00e3o autorizada mediante cr\u00e9dito da fonte<\/p>\n<p>Portal criado para conectar os leitores da regi\u00e3o ao melhor conte\u00fado<\/p>\n<p>Somos l\u00edderes de audi\u00eancia local. Somos sociais.\u00a0Conecte-se conosco.<\/p>\n<\/p><\/div>\n<section>  \t<img alt=\"Avatar photo\" src=\"https:\/\/hostingpress.com.br\/wp-content\/uploads\/2026\/03\/cropped-Divilgacao-95x95.jpeg\"  height=\"95\" width=\"95\" decoding=\"async\">\t \t<\/p>\n<div>\n<p>Vinicius Moror\u00f3<\/p>\n<p>Editor-Executivo-Regional | Jornalista | Diretor Editorial    Editor-Executivo-Regional da HostingPress Ag\u00eancia de Not\u00edcias de S\u00e3o Paulo, com atua\u00e7\u00e3o voltada \u00e0 coordena\u00e7\u00e3o editorial regional, articula\u00e7\u00e3o com ve\u00edculos parceiros e fortalecimento da distribui\u00e7\u00e3o de conte\u00fado jornal\u00edstico no Estado de S\u00e3o Paulo.      Editor-chefe do Jornal Impacto Cotia, com foco em jornalismo investigativo, interesse p\u00fablico e an\u00e1lise cr\u00edtica de temas pol\u00edticos, sociais e institucionais.<\/p>\n<\/p><\/div>\n<\/section>\n","protected":false},"excerpt":{"rendered":"<p>Pagamento passa a ser obrigat\u00f3rio para trabalhadores CLT que utilizam motocicleta na atividade profissional Motociclistas contratados pelo regime da Consolida\u00e7\u00e3o das Leis do Trabalho (CLT) passam a ter direito ao adicional de periculosidade a partir desta sexta-feira (3), conforme nova regra que amplia a remunera\u00e7\u00e3o de profissionais que utilizam motocicletas em suas atividades. O adicional<\/p>\n","protected":false},"author":808,"featured_media":155703,"comment_status":"closed","ping_status":"closed","sticky":false,"template":"","format":"standard","meta":{"footnotes":""},"categories":[65,1],"tags":[],"class_list":{"0":"post-155702","1":"post","2":"type-post","3":"status-publish","4":"format-standard","5":"has-post-thumbnail","7":"category-balcao-de-empregos","8":"category-todas-noticias"},"_links":{"self":[{"href":"https:\/\/obuxixeiro.com.br\/index.php?rest_route=\/wp\/v2\/posts\/155702","targetHints":{"allow":["GET"]}}],"collection":[{"href":"https:\/\/obuxixeiro.com.br\/index.php?rest_route=\/wp\/v2\/posts"}],"about":[{"href":"https:\/\/obuxixeiro.com.br\/index.php?rest_route=\/wp\/v2\/types\/post"}],"author":[{"embeddable":true,"href":"https:\/\/obuxixeiro.com.br\/index.php?rest_route=\/wp\/v2\/users\/808"}],"replies":[{"embeddable":true,"href":"https:\/\/obuxixeiro.com.br\/index.php?rest_route=%2Fwp%2Fv2%2Fcomments&post=155702"}],"version-history":[{"count":0,"href":"https:\/\/obuxixeiro.com.br\/index.php?rest_route=\/wp\/v2\/posts\/155702\/revisions"}],"wp:featuredmedia":[{"embeddable":true,"href":"https:\/\/obuxixeiro.com.br\/index.php?rest_route=\/wp\/v2\/media\/155703"}],"wp:attachment":[{"href":"https:\/\/obuxixeiro.com.br\/index.php?rest_route=%2Fwp%2Fv2%2Fmedia&parent=155702"}],"wp:term":[{"taxonomy":"category","embeddable":true,"href":"https:\/\/obuxixeiro.com.br\/index.php?rest_route=%2Fwp%2Fv2%2Fcategories&post=155702"},{"taxonomy":"post_tag","embeddable":true,"href":"https:\/\/obuxixeiro.com.br\/index.php?rest_route=%2Fwp%2Fv2%2Ftags&post=155702"}],"curies":[{"name":"wp","href":"https:\/\/api.w.org\/{rel}","templated":true}]}}