{"id":155704,"date":"2026-03-18T12:21:00","date_gmt":"2026-03-18T15:21:00","guid":{"rendered":"https:\/\/obuxixeiro.com.br\/2026\/03\/18\/feirao-de-empregos-oferece-mais-de-90-vagas-na-zona-sul-de-sao-paulo\/"},"modified":"2026-03-18T12:21:00","modified_gmt":"2026-03-18T15:21:00","slug":"feirao-de-empregos-oferece-mais-de-90-vagas-na-zona-sul-de-sao-paulo","status":"publish","type":"post","link":"https:\/\/obuxixeiro.com.br\/?p=155704","title":{"rendered":"Feir\u00e3o de empregos oferece mais de 90 vagas na zona sul de S\u00e3o Paulo"},"content":{"rendered":"\n<div>\n<p><strong>Evento re\u00fane empresas com oportunidades imediatas em diversas \u00e1reas nesta quinta-feira (19)<\/strong><\/p>\n<p>Quem busca uma coloca\u00e7\u00e3o no mercado de trabalho poder\u00e1 participar de um feir\u00e3o de empregos promovido pelo Governo de S\u00e3o Paulo nesta quinta-feira (19), na zona sul da capital.<\/p>\n<p>A a\u00e7\u00e3o ser\u00e1 realizada no Centro de Integra\u00e7\u00e3o da Cidadania (CIC) Feiti\u00e7o da Vila e disponibiliza mais de 90 vagas em diferentes setores.<\/p>\n<p><strong>Fun\u00e7\u00f5es dispon\u00edveis<\/strong><\/p>\n<p>As oportunidades contemplam cargos operacionais e de atendimento, como:<\/p>\n<ul>\n<li>controlador de acesso<\/li>\n<li>agente de esta\u00e7\u00e3o<\/li>\n<li>supervisor de esta\u00e7\u00e3o<\/li>\n<li>auxiliar de limpeza<\/li>\n<li>a\u00e7ougueiro<\/li>\n<li>operador de caixa<\/li>\n<li>atendente de balc\u00e3o<\/li>\n<\/ul>\n<p><strong>Empresas participantes<\/strong><\/p>\n<p>Entre as empresas confirmadas est\u00e3o:<\/p>\n<ul>\n<li>Dogma Servi\u00e7os cerca de 60 vagas<\/li>\n<li>Hagan\u00e1 aproximadamente 30 vagas para limpeza<\/li>\n<li>Peg Pese vagas no setor de varejo<\/li>\n<\/ul>\n<p><strong>Como participar<\/strong><\/p>\n<p>Os interessados devem comparecer ao local com:<\/p>\n<ul>\n<li>curr\u00edculo atualizado<\/li>\n<li>RG e CPF<\/li>\n<li>t\u00edtulo de eleitor<\/li>\n<li>carteira de trabalho (f\u00edsica ou digital)<\/li>\n<\/ul>\n<p><strong>Servi\u00e7o<\/strong><\/p>\n<p>\ud83d\udccd Local: CIC Feiti\u00e7o da Vila<br \/>\ud83d\udccc Endere\u00e7o: Estrada de Itapecerica, 8887 Valo Velho S\u00e3o Paulo<br \/>\ud83d\udd52 Hor\u00e1rio: das 10h \u00e0s 13h<br \/>\ud83d\udcc5 Data: quinta-feira, 19 de mar\u00e7o de 2026<\/p>\n<p>A recomenda\u00e7\u00e3o \u00e9 chegar com anteced\u00eancia, j\u00e1 que as vagas podem ser preenchidas rapidamente.<\/p>\n<p><strong>HostingPRESS Ag\u00eancia de Not\u00edcias de S\u00e3o Paulo<\/strong><br \/>Conte\u00fado distribu\u00eddo por nossa Central de Jornalismo<br \/>Reprodu\u00e7\u00e3o autorizada mediante cr\u00e9dito da fonte<\/p>\n<p>Portal criado para conectar os leitores da regi\u00e3o ao melhor conte\u00fado<\/p>\n<p>Somos l\u00edderes de audi\u00eancia local. Somos sociais.\u00a0Conecte-se conosco.<\/p>\n<\/p><\/div>\n<section>  \t<img alt=\"Avatar photo\" src=\"https:\/\/hostingpress.com.br\/wp-content\/uploads\/2026\/03\/cropped-Divilgacao-95x95.jpeg\"  height=\"95\" width=\"95\" decoding=\"async\">\t \t<\/p>\n<div>\n<p>Vinicius Moror\u00f3<\/p>\n<p>Editor-Executivo-Regional | Jornalista | Diretor Editorial    Editor-Executivo-Regional da HostingPress Ag\u00eancia de Not\u00edcias de S\u00e3o Paulo, com atua\u00e7\u00e3o voltada \u00e0 coordena\u00e7\u00e3o editorial regional, articula\u00e7\u00e3o com ve\u00edculos parceiros e fortalecimento da distribui\u00e7\u00e3o de conte\u00fado jornal\u00edstico no Estado de S\u00e3o Paulo.      Editor-chefe do Jornal Impacto Cotia, com foco em jornalismo investigativo, interesse p\u00fablico e an\u00e1lise cr\u00edtica de temas pol\u00edticos, sociais e institucionais.<\/p>\n<\/p><\/div>\n<\/section>\n","protected":false},"excerpt":{"rendered":"<p>Evento re\u00fane empresas com oportunidades imediatas em diversas \u00e1reas nesta quinta-feira (19) Quem busca uma coloca\u00e7\u00e3o no mercado de trabalho poder\u00e1 participar de um feir\u00e3o de empregos promovido pelo Governo de S\u00e3o Paulo nesta quinta-feira (19), na zona sul da capital. A a\u00e7\u00e3o ser\u00e1 realizada no Centro de Integra\u00e7\u00e3o da Cidadania (CIC) Feiti\u00e7o da Vila<\/p>\n","protected":false},"author":808,"featured_media":155705,"comment_status":"closed","ping_status":"closed","sticky":false,"template":"","format":"standard","meta":{"footnotes":""},"categories":[65,1],"tags":[],"class_list":{"0":"post-155704","1":"post","2":"type-post","3":"status-publish","4":"format-standard","5":"has-post-thumbnail","7":"category-balcao-de-empregos","8":"category-todas-noticias"},"_links":{"self":[{"href":"https:\/\/obuxixeiro.com.br\/index.php?rest_route=\/wp\/v2\/posts\/155704","targetHints":{"allow":["GET"]}}],"collection":[{"href":"https:\/\/obuxixeiro.com.br\/index.php?rest_route=\/wp\/v2\/posts"}],"about":[{"href":"https:\/\/obuxixeiro.com.br\/index.php?rest_route=\/wp\/v2\/types\/post"}],"author":[{"embeddable":true,"href":"https:\/\/obuxixeiro.com.br\/index.php?rest_route=\/wp\/v2\/users\/808"}],"replies":[{"embeddable":true,"href":"https:\/\/obuxixeiro.com.br\/index.php?rest_route=%2Fwp%2Fv2%2Fcomments&post=155704"}],"version-history":[{"count":0,"href":"https:\/\/obuxixeiro.com.br\/index.php?rest_route=\/wp\/v2\/posts\/155704\/revisions"}],"wp:featuredmedia":[{"embeddable":true,"href":"https:\/\/obuxixeiro.com.br\/index.php?rest_route=\/wp\/v2\/media\/155705"}],"wp:attachment":[{"href":"https:\/\/obuxixeiro.com.br\/index.php?rest_route=%2Fwp%2Fv2%2Fmedia&parent=155704"}],"wp:term":[{"taxonomy":"category","embeddable":true,"href":"https:\/\/obuxixeiro.com.br\/index.php?rest_route=%2Fwp%2Fv2%2Fcategories&post=155704"},{"taxonomy":"post_tag","embeddable":true,"href":"https:\/\/obuxixeiro.com.br\/index.php?rest_route=%2Fwp%2Fv2%2Ftags&post=155704"}],"curies":[{"name":"wp","href":"https:\/\/api.w.org\/{rel}","templated":true}]}}