{"id":155726,"date":"2026-03-16T06:20:00","date_gmt":"2026-03-16T09:20:00","guid":{"rendered":"https:\/\/obuxixeiro.com.br\/2026\/03\/16\/feira-cientifica-da-usp-reune-projetos-com-ia-biossensores-e-realidade-virtual\/"},"modified":"2026-03-16T06:20:00","modified_gmt":"2026-03-16T09:20:00","slug":"feira-cientifica-da-usp-reune-projetos-com-ia-biossensores-e-realidade-virtual","status":"publish","type":"post","link":"https:\/\/obuxixeiro.com.br\/?p=155726","title":{"rendered":"Feira cient\u00edfica da USP re\u00fane projetos com IA, biossensores e realidade virtual"},"content":{"rendered":"\n<div>\n<p><strong>Febrace 2026 apresenta 297 trabalhos de estudantes de todo o pa\u00eds com foco em tecnologias emergentes<\/strong><\/p>\n<p>O <strong>campus da Universidade de S\u00e3o Paulo (USP)<\/strong>, no <strong>Butant\u00e3<\/strong>, recebe entre <strong>17 e 20 de mar\u00e7o<\/strong> a <strong>24\u00aa edi\u00e7\u00e3o da Feira Brasileira de Ci\u00eancias e Engenharia (Febrace)<\/strong>. Considerada a maior mostra pr\u00e9-universit\u00e1ria de projetos cient\u00edficos e tecnol\u00f3gicos do pa\u00eds, a edi\u00e7\u00e3o de 2026 re\u00fane <strong>297 projetos finalistas desenvolvidos por estudantes do ensino b\u00e1sico e t\u00e9cnico de todas as regi\u00f5es do Brasil<\/strong>.<\/p>\n<p>Os trabalhos evidenciam o uso crescente de <strong>tecnologias emergentes<\/strong> para enfrentar problemas contempor\u00e2neos, incluindo <strong>intelig\u00eancia artificial, vis\u00e3o computacional, redes neurais, biossensores, dispositivos vest\u00edveis, blockchain, infer\u00eancia fuzzy e realidade virtual<\/strong>.<\/p>\n<p>Mais informa\u00e7\u00f5es sobre o evento est\u00e3o dispon\u00edveis no site oficial da Febrace:<br \/>https:\/\/febrace.org.br<\/p>\n<p><strong>Tecnologias aplicadas a problemas reais<\/strong><\/p>\n<p>Os projetos apresentados abrangem diversas \u00e1reas do conhecimento, como <strong>Ci\u00eancias Agr\u00e1rias, Biol\u00f3gicas, Exatas e da Terra, Ci\u00eancias Humanas, Sa\u00fade, Ci\u00eancias Sociais Aplicadas e Engenharia<\/strong>.<\/p>\n<p>Segundo a coordenadora-geral da Febrace, <strong>Roseli de Deus Lopes<\/strong>, a feira reflete o interesse crescente dos estudantes em utilizar tecnologias avan\u00e7adas para investigar quest\u00f5es reais da sociedade.<\/p>\n<p>\u201cO que vemos \u00e9 uma gera\u00e7\u00e3o que se apropria de ferramentas tecnol\u00f3gicas sofisticadas e come\u00e7a a utiliz\u00e1-las para investigar problemas reais com responsabilidade social e rigor cient\u00edfico\u201d, afirma.<\/p>\n<p>Entre os projetos finalistas est\u00e3o iniciativas que utilizam <strong>intelig\u00eancia artificial e redes neurais<\/strong> para auxiliar no diagn\u00f3stico de doen\u00e7as, como sistemas capazes de identificar altera\u00e7\u00f5es em imagens da retina ou reconhecer padr\u00f5es associados ao c\u00e2ncer.<\/p>\n<p>Tamb\u00e9m h\u00e1 propostas voltadas \u00e0 <strong>previs\u00e3o de surtos epidemiol\u00f3gicos relacionados ao mosquito Aedes aegypti<\/strong>, identifica\u00e7\u00e3o de res\u00edduos s\u00f3lidos por vis\u00e3o computacional e an\u00e1lise de dados urbanos para melhorar a mobilidade nas cidades.<\/p>\n<p><strong>Projetos voltados \u00e0 inclus\u00e3o e sa\u00fade<\/strong><\/p>\n<p>Algumas pesquisas combinam <strong>tecnologias digitais e dispositivos f\u00edsicos<\/strong> para criar solu\u00e7\u00f5es de acessibilidade e sa\u00fade.<\/p>\n<p>Entre os exemplos est\u00e3o:<\/p>\n<ul>\n<li><strong>luvas eletr\u00f4nicas para tradu\u00e7\u00e3o de Libras<\/strong><\/li>\n<li><strong>sistemas de comunica\u00e7\u00e3o alternativa para pessoas com doen\u00e7as neurodegenerativas<\/strong><\/li>\n<li><strong>plataformas digitais de apoio terap\u00eautico<\/strong><\/li>\n<\/ul>\n<p>Segundo os organizadores, os projetos tamb\u00e9m abordam temas sociais e ambientais em debate na sociedade, como <strong>transtorno do espectro autista, presen\u00e7a de micropl\u00e1sticos no ambiente, seguran\u00e7a digital, inclus\u00e3o e feminic\u00eddio<\/strong>.<\/p>\n<p><strong>Premia\u00e7\u00e3o e competi\u00e7\u00e3o internacional<\/strong><\/p>\n<p>Os trabalhos finalistas ser\u00e3o avaliados por <strong>especialistas, professores universit\u00e1rios e profissionais de diferentes \u00e1reas<\/strong>. Os estudantes premiados receber\u00e3o <strong>trof\u00e9us, medalhas, bolsas de estudo e oportunidades de est\u00e1gio<\/strong>, totalizando cerca de <strong>300 premia\u00e7\u00f5es<\/strong>.<\/p>\n<p>Nove projetos ser\u00e3o selecionados para representar o Brasil na <strong>Regeneron International Science and Engineering Fair (ISEF) 2026<\/strong>, considerada a maior feira internacional de ci\u00eancia e engenharia para estudantes pr\u00e9-universit\u00e1rios.<\/p>\n<p>A competi\u00e7\u00e3o ocorrer\u00e1 entre <strong>9 e 15 de maio<\/strong>, em <strong>Phoenix, no estado do Arizona (EUA)<\/strong>.<\/p>\n<p><strong>Promo\u00e7\u00e3o da cultura cient\u00edfica<\/strong><\/p>\n<p>A Febrace \u00e9 promovida pela <strong>Escola Polit\u00e9cnica da USP<\/strong> e organizada pelo <strong>Laborat\u00f3rio de Sistemas Integr\u00e1veis Tecnol\u00f3gico (LSI-TEC)<\/strong>.<\/p>\n<p>Al\u00e9m da feira anual, o programa inclui iniciativas voltadas \u00e0 <strong>promo\u00e7\u00e3o da cultura cient\u00edfica e da educa\u00e7\u00e3o em STEM (ci\u00eancia, tecnologia, engenharia e matem\u00e1tica)<\/strong> no pa\u00eds, como cursos online gratuitos, forma\u00e7\u00e3o de professores e a\u00e7\u00f5es de incentivo \u00e0 pesquisa nas escolas.<\/p>\n<p>Desde sua cria\u00e7\u00e3o, a Febrace j\u00e1 reuniu <strong>mais de 16,7 mil estudantes<\/strong> e apresentou cerca de <strong>7,2 mil projetos finalistas<\/strong>, com aproximadamente <strong>4,5 mil premia\u00e7\u00f5es concedidas<\/strong>.<\/p>\n<p><strong>SERVI\u00c7O<\/strong><\/p>\n<p><strong>Febrace 2026 Feira Brasileira de Ci\u00eancias e Engenharia<\/strong><\/p>\n<p>\ud83d\udcc5 <strong>Datas:<\/strong><br \/>\u2022 17 de mar\u00e7o mostra para avaliadores, autoridades e imprensa<br \/>\u2022 18 e 19 de mar\u00e7o visita\u00e7\u00e3o aberta ao p\u00fablico<br \/>\u2022 20 de mar\u00e7o cerim\u00f4nia de premia\u00e7\u00e3o (14h \u00e0s 18h)<\/p>\n<p>\ud83d\udccd <strong>Local:<\/strong> Inova USP Campus da USP<br \/>\ud83d\udccc <strong>Endere\u00e7o:<\/strong> Av. Prof. L\u00facio Martins Rodrigues, 370 Butant\u00e3, S\u00e3o Paulo<\/p>\n<p>\ud83c\udf9f <strong>Entrada:<\/strong> gratuita<\/p>\n<p>\ud83d\udd17 <strong>Mais informa\u00e7\u00f5es:<\/strong><br \/>https:\/\/febrace.org.br<\/p>\n<p><strong>HostingPRESS Ag\u00eancia de Not\u00edcias de S\u00e3o Paulo<\/strong><br \/>Conte\u00fado distribu\u00eddo por nossa Central de Jornalismo<br \/>Reprodu\u00e7\u00e3o autorizada mediante cr\u00e9dito da fonte<\/p>\n<p>Portal criado para conectar os leitores da regi\u00e3o ao melhor conte\u00fado<\/p>\n<p>Somos l\u00edderes de audi\u00eancia local. Somos sociais.\u00a0Conecte-se conosco.<\/p>\n<\/p><\/div>\n<section>  \t<img alt=\"Avatar photo\" src=\"https:\/\/hostingpress.com.br\/wp-content\/uploads\/2026\/03\/cropped-Divilgacao-95x95.jpeg\"  height=\"95\" width=\"95\" decoding=\"async\">\t \t<\/p>\n<div>\n<p>Vinicius Moror\u00f3<\/p>\n<p>Editor-Executivo-Regional | Jornalista | Diretor Editorial    Editor-Executivo-Regional da HostingPress Ag\u00eancia de Not\u00edcias de S\u00e3o Paulo, com atua\u00e7\u00e3o voltada \u00e0 coordena\u00e7\u00e3o editorial regional, articula\u00e7\u00e3o com ve\u00edculos parceiros e fortalecimento da distribui\u00e7\u00e3o de conte\u00fado jornal\u00edstico no Estado de S\u00e3o Paulo.      Editor-chefe do Jornal Impacto Cotia, com foco em jornalismo investigativo, interesse p\u00fablico e an\u00e1lise cr\u00edtica de temas pol\u00edticos, sociais e institucionais.<\/p>\n<\/p><\/div>\n<\/section>\n","protected":false},"excerpt":{"rendered":"<p>Febrace 2026 apresenta 297 trabalhos de estudantes de todo o pa\u00eds com foco em tecnologias emergentes O campus da Universidade de S\u00e3o Paulo (USP), no Butant\u00e3, recebe entre 17 e 20 de mar\u00e7o a 24\u00aa edi\u00e7\u00e3o da Feira Brasileira de Ci\u00eancias e Engenharia (Febrace). Considerada a maior mostra pr\u00e9-universit\u00e1ria de projetos cient\u00edficos e tecnol\u00f3gicos do<\/p>\n","protected":false},"author":808,"featured_media":155727,"comment_status":"closed","ping_status":"closed","sticky":false,"template":"","format":"standard","meta":{"footnotes":""},"categories":[75,1],"tags":[],"class_list":{"0":"post-155726","1":"post","2":"type-post","3":"status-publish","4":"format-standard","5":"has-post-thumbnail","7":"category-aonde-ir-na-regiao","8":"category-todas-noticias"},"_links":{"self":[{"href":"https:\/\/obuxixeiro.com.br\/index.php?rest_route=\/wp\/v2\/posts\/155726","targetHints":{"allow":["GET"]}}],"collection":[{"href":"https:\/\/obuxixeiro.com.br\/index.php?rest_route=\/wp\/v2\/posts"}],"about":[{"href":"https:\/\/obuxixeiro.com.br\/index.php?rest_route=\/wp\/v2\/types\/post"}],"author":[{"embeddable":true,"href":"https:\/\/obuxixeiro.com.br\/index.php?rest_route=\/wp\/v2\/users\/808"}],"replies":[{"embeddable":true,"href":"https:\/\/obuxixeiro.com.br\/index.php?rest_route=%2Fwp%2Fv2%2Fcomments&post=155726"}],"version-history":[{"count":0,"href":"https:\/\/obuxixeiro.com.br\/index.php?rest_route=\/wp\/v2\/posts\/155726\/revisions"}],"wp:featuredmedia":[{"embeddable":true,"href":"https:\/\/obuxixeiro.com.br\/index.php?rest_route=\/wp\/v2\/media\/155727"}],"wp:attachment":[{"href":"https:\/\/obuxixeiro.com.br\/index.php?rest_route=%2Fwp%2Fv2%2Fmedia&parent=155726"}],"wp:term":[{"taxonomy":"category","embeddable":true,"href":"https:\/\/obuxixeiro.com.br\/index.php?rest_route=%2Fwp%2Fv2%2Fcategories&post=155726"},{"taxonomy":"post_tag","embeddable":true,"href":"https:\/\/obuxixeiro.com.br\/index.php?rest_route=%2Fwp%2Fv2%2Ftags&post=155726"}],"curies":[{"name":"wp","href":"https:\/\/api.w.org\/{rel}","templated":true}]}}