{"id":155728,"date":"2026-03-15T07:49:00","date_gmt":"2026-03-15T10:49:00","guid":{"rendered":"https:\/\/obuxixeiro.com.br\/2026\/03\/15\/governo-de-sp-apresenta-iniciativas-ambientais-e-indigenas-em-painel-no-sxsw-nos-eua\/"},"modified":"2026-03-15T07:49:00","modified_gmt":"2026-03-15T10:49:00","slug":"governo-de-sp-apresenta-iniciativas-ambientais-e-indigenas-em-painel-no-sxsw-nos-eua","status":"publish","type":"post","link":"https:\/\/obuxixeiro.com.br\/?p=155728","title":{"rendered":"Governo de SP apresenta iniciativas ambientais e ind\u00edgenas em painel no SXSW, nos EUA"},"content":{"rendered":"\n<div>\n<p><strong>Debate na SP House destacou programa Guardi\u00f5es da Floresta e o papel da cultura e da inova\u00e7\u00e3o nas solu\u00e7\u00f5es clim\u00e1ticas<\/strong><\/p>\n<p>O Governo de S\u00e3o Paulo apresentou iniciativas voltadas \u00e0 prote\u00e7\u00e3o ambiental e ao fortalecimento de territ\u00f3rios ind\u00edgenas durante um painel realizado neste s\u00e1bado (14) na <strong>SP House<\/strong>, espa\u00e7o institucional do estado no festival <strong>South by Southwest (SXSW)<\/strong>, em Austin, nos Estados Unidos.<\/p>\n<p>O encontro discutiu a rela\u00e7\u00e3o entre <strong>conhecimentos tradicionais, inova\u00e7\u00e3o e a\u00e7\u00e3o clim\u00e1tica<\/strong>, com destaque para o programa estadual <strong>Guardi\u00f5es da Floresta<\/strong>, que remunera ind\u00edgenas pelo monitoramento e recupera\u00e7\u00e3o de \u00e1reas degradadas.<\/p>\n<p><strong>Debate sobre saberes tradicionais e inova\u00e7\u00e3o<\/strong><\/p>\n<p>O painel, intitulado <strong>\u201cAncestral futures: climate action through arts, culture and innovation\u201d<\/strong>, reuniu representantes de diferentes setores para discutir o papel das artes, da cultura e da inova\u00e7\u00e3o na constru\u00e7\u00e3o de respostas para os desafios ambientais.<\/p>\n<p>Participaram da discuss\u00e3o:<\/p>\n<ul>\n<li><strong>Cristiano Kiririndju<\/strong>, cacique e coordenador de Pol\u00edticas para Povos Ind\u00edgenas do Estado de S\u00e3o Paulo<\/li>\n<li><strong>Vivian Nascimento<\/strong>, do Valor Radar<\/li>\n<li><strong>Jandaraci Araujo<\/strong>, cofundadora do Instituto Conselheira 101<\/li>\n<li><strong>Edith Bertoletti<\/strong>, COO do Grupo Goodman no Brasil<\/li>\n<\/ul>\n<p>Durante o debate, Kiririndju destacou que conhecimentos tradicionais de povos ind\u00edgenas podem contribuir para novas abordagens de sustentabilidade e para o enfrentamento das mudan\u00e7as clim\u00e1ticas.<\/p>\n<p>Segundo ele, pr\u00e1ticas transmitidas entre gera\u00e7\u00f5es ajudam a explicar a preserva\u00e7\u00e3o ambiental em territ\u00f3rios ind\u00edgenas.<\/p>\n<p>\u201cA popula\u00e7\u00e3o ind\u00edgena tem um saber tradicional de como conciliar a natureza com a evolu\u00e7\u00e3o e o progresso\u201d, afirmou.<\/p>\n<p><strong>Povos ind\u00edgenas no estado<\/strong><\/p>\n<p>De acordo com o coordenador, o territ\u00f3rio paulista abriga <strong>cinco etnias ind\u00edgenas em terras reconhecidas<\/strong>: Guarani, Tupi-Guarani, Krenak, Terena e Kaingang.<\/p>\n<p>Al\u00e9m dessas comunidades, h\u00e1 tamb\u00e9m presen\u00e7a significativa de ind\u00edgenas em contexto urbano. A popula\u00e7\u00e3o ind\u00edgena no estado \u00e9 estimada em cerca de <strong>70 mil pessoas<\/strong>.<\/p>\n<p>Para Kiririndju, espa\u00e7os de di\u00e1logo internacional como o SXSW ajudam a ampliar o debate sobre a participa\u00e7\u00e3o de povos tradicionais nas discuss\u00f5es ambientais globais.<\/p>\n<p>\u201cLevo o que ou\u00e7o nas aldeias: o fortalecimento cultural e o saber tradicional\u201d, afirmou.<\/p>\n<p><strong>Agenda clim\u00e1tica e ESG<\/strong><\/p>\n<p>O painel tamb\u00e9m abordou a agenda global de <strong>ESG (ambiental, social e governan\u00e7a)<\/strong> e iniciativas que reconhecem a cultura como elemento importante para o desenvolvimento sustent\u00e1vel.<\/p>\n<p>A COO do Grupo Goodman no Brasil, <strong>Edith Bertoletti<\/strong>, destacou que as mudan\u00e7as clim\u00e1ticas tamb\u00e9m impactam diretamente o ambiente de neg\u00f3cios.<\/p>\n<p>Segundo ela, empresas t\u00eam sido pressionadas a considerar riscos clim\u00e1ticos em suas opera\u00e7\u00f5es.<\/p>\n<p>\u201cA mudan\u00e7a clim\u00e1tica n\u00e3o passa apenas por medir carbono, mas por uma mudan\u00e7a de consci\u00eancia sobre como queremos estar nos pr\u00f3ximos anos\u201d, afirmou.<\/p>\n<p><strong>SP House no SXSW<\/strong><\/p>\n<p>Esta \u00e9 a <strong>terceira participa\u00e7\u00e3o da SP House no SXSW<\/strong>, evento internacional dedicado a inova\u00e7\u00e3o, tecnologia e criatividade, realizado entre <strong>13 e 16 de mar\u00e7o<\/strong> em Austin.<\/p>\n<p>O espa\u00e7o do Governo de S\u00e3o Paulo no festival ocupa <strong>2,2 mil metros quadrados<\/strong>, quase o dobro da edi\u00e7\u00e3o anterior, e tem capacidade para receber <strong>at\u00e9 600 pessoas simultaneamente<\/strong>.<\/p>\n<p>A programa\u00e7\u00e3o prev\u00ea cerca de <strong>60 horas de conte\u00fado<\/strong>, distribu\u00eddas entre dois palcos principais, al\u00e9m de encontros institucionais, apresenta\u00e7\u00f5es corporativas e debates sobre neg\u00f3cios e parcerias internacionais.<\/p>\n<p>Com o tema <strong>\u201cWe are borderless\u201d<\/strong>, a edi\u00e7\u00e3o deste ano prop\u00f5e discutir a circula\u00e7\u00e3o global de ideias, talentos e oportunidades.<\/p>\n<p>A programa\u00e7\u00e3o completa do espa\u00e7o pode ser consultada em:<br \/>https:\/\/www.sphouse.com.br<\/p>\n<p><em>Enviada especial ao SXSW, em Austin (EUA).<\/em><\/p>\n<p><strong>HostingPRESS Ag\u00eancia de Not\u00edcias de S\u00e3o Paulo<\/strong><br \/>Conte\u00fado distribu\u00eddo por nossa Central de Jornalismo<br \/>Reprodu\u00e7\u00e3o autorizada mediante cr\u00e9dito da fonte<\/p>\n<p>Portal criado para conectar os leitores da regi\u00e3o ao melhor conte\u00fado<\/p>\n<p>Somos l\u00edderes de audi\u00eancia local. Somos sociais.\u00a0Conecte-se conosco.<\/p>\n<\/p><\/div>\n<section>  \t<img alt=\"Avatar photo\" src=\"https:\/\/hostingpress.com.br\/wp-content\/uploads\/2026\/03\/cropped-Divilgacao-95x95.jpeg\"  height=\"95\" width=\"95\" decoding=\"async\">\t \t<\/p>\n<div>\n<p>Vinicius Moror\u00f3<\/p>\n<p>Editor-Executivo-Regional | Jornalista | Diretor Editorial    Editor-Executivo-Regional da HostingPress Ag\u00eancia de Not\u00edcias de S\u00e3o Paulo, com atua\u00e7\u00e3o voltada \u00e0 coordena\u00e7\u00e3o editorial regional, articula\u00e7\u00e3o com ve\u00edculos parceiros e fortalecimento da distribui\u00e7\u00e3o de conte\u00fado jornal\u00edstico no Estado de S\u00e3o Paulo.      Editor-chefe do Jornal Impacto Cotia, com foco em jornalismo investigativo, interesse p\u00fablico e an\u00e1lise cr\u00edtica de temas pol\u00edticos, sociais e institucionais.<\/p>\n<\/p><\/div>\n<\/section>\n","protected":false},"excerpt":{"rendered":"<p>Debate na SP House destacou programa Guardi\u00f5es da Floresta e o papel da cultura e da inova\u00e7\u00e3o nas solu\u00e7\u00f5es clim\u00e1ticas O Governo de S\u00e3o Paulo apresentou iniciativas voltadas \u00e0 prote\u00e7\u00e3o ambiental e ao fortalecimento de territ\u00f3rios ind\u00edgenas durante um painel realizado neste s\u00e1bado (14) na SP House, espa\u00e7o institucional do estado no festival South by<\/p>\n","protected":false},"author":808,"featured_media":155729,"comment_status":"closed","ping_status":"closed","sticky":false,"template":"","format":"standard","meta":{"footnotes":""},"categories":[75,1],"tags":[],"class_list":{"0":"post-155728","1":"post","2":"type-post","3":"status-publish","4":"format-standard","5":"has-post-thumbnail","7":"category-aonde-ir-na-regiao","8":"category-todas-noticias"},"_links":{"self":[{"href":"https:\/\/obuxixeiro.com.br\/index.php?rest_route=\/wp\/v2\/posts\/155728","targetHints":{"allow":["GET"]}}],"collection":[{"href":"https:\/\/obuxixeiro.com.br\/index.php?rest_route=\/wp\/v2\/posts"}],"about":[{"href":"https:\/\/obuxixeiro.com.br\/index.php?rest_route=\/wp\/v2\/types\/post"}],"author":[{"embeddable":true,"href":"https:\/\/obuxixeiro.com.br\/index.php?rest_route=\/wp\/v2\/users\/808"}],"replies":[{"embeddable":true,"href":"https:\/\/obuxixeiro.com.br\/index.php?rest_route=%2Fwp%2Fv2%2Fcomments&post=155728"}],"version-history":[{"count":0,"href":"https:\/\/obuxixeiro.com.br\/index.php?rest_route=\/wp\/v2\/posts\/155728\/revisions"}],"wp:featuredmedia":[{"embeddable":true,"href":"https:\/\/obuxixeiro.com.br\/index.php?rest_route=\/wp\/v2\/media\/155729"}],"wp:attachment":[{"href":"https:\/\/obuxixeiro.com.br\/index.php?rest_route=%2Fwp%2Fv2%2Fmedia&parent=155728"}],"wp:term":[{"taxonomy":"category","embeddable":true,"href":"https:\/\/obuxixeiro.com.br\/index.php?rest_route=%2Fwp%2Fv2%2Fcategories&post=155728"},{"taxonomy":"post_tag","embeddable":true,"href":"https:\/\/obuxixeiro.com.br\/index.php?rest_route=%2Fwp%2Fv2%2Ftags&post=155728"}],"curies":[{"name":"wp","href":"https:\/\/api.w.org\/{rel}","templated":true}]}}