{"id":155730,"date":"2026-03-14T11:33:00","date_gmt":"2026-03-14T14:33:00","guid":{"rendered":"https:\/\/obuxixeiro.com.br\/2026\/03\/14\/mostra-tiradentes-chega-a-sao-paulo-com-28-filmes-brasileiros-ineditos\/"},"modified":"2026-03-14T11:33:00","modified_gmt":"2026-03-14T14:33:00","slug":"mostra-tiradentes-chega-a-sao-paulo-com-28-filmes-brasileiros-ineditos","status":"publish","type":"post","link":"https:\/\/obuxixeiro.com.br\/?p=155730","title":{"rendered":"Mostra Tiradentes chega a S\u00e3o Paulo com 28 filmes brasileiros in\u00e9ditos"},"content":{"rendered":"\n<div>\n<p><strong>Evento no Cinesesc re\u00fane longas e curtas-metragens em pr\u00e9-estreia e promove debates com cineastas at\u00e9 18 de mar\u00e7o<\/strong><\/p>\n<p>A Mostra Tiradentes | SP iniciou sua 14\u00aa edi\u00e7\u00e3o na capital paulista na quinta-feira (12), com programa\u00e7\u00e3o dedicada ao cinema brasileiro contempor\u00e2neo. As sess\u00f5es acontecem no Cinesesc, na regi\u00e3o da Avenida Paulista, e seguem at\u00e9 a pr\u00f3xima quarta-feira (18).<\/p>\n<p>Ao todo, o evento apresenta 28 filmes brasileiros in\u00e9ditos em S\u00e3o Paulo, sendo 14 longas-metragens e 14 curtas, al\u00e9m de 13 encontros com cineastas ap\u00f3s as exibi\u00e7\u00f5es.<\/p>\n<p>A mostra paulistana \u00e9 um recorte da tradicional Mostra de Cinema de Tiradentes, realizada em Minas Gerais. Na 29\u00aa edi\u00e7\u00e3o do evento mineiro, foram exibidas 137 produ\u00e7\u00f5es, com p\u00fablico estimado em 38 mil pessoas na cidade hist\u00f3rica.<\/p>\n<p>Filmes premiados integram a programa\u00e7\u00e3o<\/p>\n<p>Entre os destaques da programa\u00e7\u00e3o est\u00e3o produ\u00e7\u00f5es premiadas na edi\u00e7\u00e3o realizada em Tiradentes (MG). Entre elas est\u00e3o:<\/p>\n<ul>\n<li>\u201cAnistia 79\u201d (RJ), dirigido por Anita Leandro<\/li>\n<li>\u201cPara os Guardados\u201d (MG), de Desali e Rafael Rocha<\/li>\n<li>\u201cEntrevista com Fantasmas\u201d (SP), de LK Lincoln P\u00e9ricles<\/li>\n<li>\u201cGr\u00e3o\u201d (RS), de Gianluca Cozza e Leonardo da Rosa<\/li>\n<\/ul>\n<p>As sess\u00f5es s\u00e3o acompanhadas de debates com diretores e integrantes das equipes dos filmes, permitindo ao p\u00fablico discutir os processos criativos e os temas abordados nas obras.<\/p>\n<p>Debate sobre o cinema brasileiro<\/p>\n<p>A programa\u00e7\u00e3o inclui ainda um encontro no Centro de Pesquisa e Forma\u00e7\u00e3o do Sesc, onde ser\u00e1 realizado um debate que marca o lan\u00e7amento da publica\u00e7\u00e3o do 4\u00ba F\u00f3rum de Tiradentes, iniciativa voltada \u00e0 reflex\u00e3o sobre o audiovisual brasileiro.<\/p>\n<p>Nesta edi\u00e7\u00e3o, a mostra adota como eixo tem\u00e1tico \u201cSoberania Imaginativa\u201d, conceito que prop\u00f5e ampliar o debate sobre os caminhos criativos do cinema nacional iniciado na edi\u00e7\u00e3o realizada em Minas Gerais no in\u00edcio do ano.<\/p>\n<p>Segundo a coordenadora-geral da Mostra Tiradentes | SP, Raquel Hallak, o evento busca ampliar o espa\u00e7o de circula\u00e7\u00e3o para produ\u00e7\u00f5es brasileiras.<\/p>\n<p>De acordo com ela, a mostra permite que o p\u00fablico tenha acesso a filmes que muitas vezes n\u00e3o chegam ao circuito comercial, al\u00e9m de contribuir para ampliar a visibilidade do audiovisual produzido no pa\u00eds.<\/p>\n<p>Sess\u00e3o especial de encerramento<\/p>\n<p>A programa\u00e7\u00e3o de encerramento ter\u00e1 uma sess\u00e3o dedicada a produ\u00e7\u00f5es que abordam duas figuras marcantes da cultura brasileira: o cineasta Julio Bressane e o diretor teatral Jos\u00e9 Celso Martinez Corr\u00eaa.<\/p>\n<p>A proposta do evento \u00e9 estimular o di\u00e1logo sobre o cinema nacional e fortalecer redes de circula\u00e7\u00e3o, produ\u00e7\u00e3o e exibi\u00e7\u00e3o das obras brasileiras.<\/p>\n<p>A programa\u00e7\u00e3o completa pode ser consultada no Portal oficial do evento.<\/p>\n<p>SERVI\u00c7O<\/p>\n<p>Mostra Tiradentes | SP 14\u00aa edi\u00e7\u00e3o<\/p>\n<p>\ud83d\udccd Local: CineSesc<br \/>Rua Augusta, 2075 Cerqueira C\u00e9sar, S\u00e3o Paulo<\/p>\n<p>\ud83d\udcc5 Data: at\u00e9 18 de mar\u00e7o<\/p>\n<p>\ud83c\udf9f Ingressos:<br \/>R$ 20 (inteira)<br \/>R$ 10 (meia-entrada)<br \/>R$ 6 para trabalhadores do com\u00e9rcio credenciados no Sesc (Credencial Plena) e dependentes<\/p>\n<p>A meia-entrada \u00e9 v\u00e1lida para aposentados, pessoas com mais de 60 anos, estudantes, pessoas com defici\u00eancia e servidores de escolas p\u00fablicas mediante comprova\u00e7\u00e3o.<\/p>\n<p><strong>HostingPRESS Ag\u00eancia de Not\u00edcias de S\u00e3o Paulo<\/strong><br \/>Conte\u00fado distribu\u00eddo por nossa Central de Jornalismo<br \/>Reprodu\u00e7\u00e3o autorizada mediante cr\u00e9dito da fonte<\/p>\n<p>Portal criado para conectar os leitores da regi\u00e3o ao melhor conte\u00fado<\/p>\n<p>Somos l\u00edderes de audi\u00eancia local. Somos sociais.\u00a0Conecte-se conosco.<\/p>\n<\/p><\/div>\n<section>  \t<img alt=\"Avatar photo\" src=\"https:\/\/hostingpress.com.br\/wp-content\/uploads\/2026\/03\/cropped-Divilgacao-95x95.jpeg\"  height=\"95\" width=\"95\" decoding=\"async\">\t \t<\/p>\n<div>\n<p>Vinicius Moror\u00f3<\/p>\n<p>Editor-Executivo-Regional | Jornalista | Diretor Editorial    Editor-Executivo-Regional da HostingPress Ag\u00eancia de Not\u00edcias de S\u00e3o Paulo, com atua\u00e7\u00e3o voltada \u00e0 coordena\u00e7\u00e3o editorial regional, articula\u00e7\u00e3o com ve\u00edculos parceiros e fortalecimento da distribui\u00e7\u00e3o de conte\u00fado jornal\u00edstico no Estado de S\u00e3o Paulo.      Editor-chefe do Jornal Impacto Cotia, com foco em jornalismo investigativo, interesse p\u00fablico e an\u00e1lise cr\u00edtica de temas pol\u00edticos, sociais e institucionais.<\/p>\n<\/p><\/div>\n<\/section>\n","protected":false},"excerpt":{"rendered":"<p>Evento no Cinesesc re\u00fane longas e curtas-metragens em pr\u00e9-estreia e promove debates com cineastas at\u00e9 18 de mar\u00e7o A Mostra Tiradentes | SP iniciou sua 14\u00aa edi\u00e7\u00e3o na capital paulista na quinta-feira (12), com programa\u00e7\u00e3o dedicada ao cinema brasileiro contempor\u00e2neo. As sess\u00f5es acontecem no Cinesesc, na regi\u00e3o da Avenida Paulista, e seguem at\u00e9 a pr\u00f3xima<\/p>\n","protected":false},"author":808,"featured_media":155731,"comment_status":"closed","ping_status":"closed","sticky":false,"template":"","format":"standard","meta":{"footnotes":""},"categories":[75,1],"tags":[],"class_list":{"0":"post-155730","1":"post","2":"type-post","3":"status-publish","4":"format-standard","5":"has-post-thumbnail","7":"category-aonde-ir-na-regiao","8":"category-todas-noticias"},"_links":{"self":[{"href":"https:\/\/obuxixeiro.com.br\/index.php?rest_route=\/wp\/v2\/posts\/155730","targetHints":{"allow":["GET"]}}],"collection":[{"href":"https:\/\/obuxixeiro.com.br\/index.php?rest_route=\/wp\/v2\/posts"}],"about":[{"href":"https:\/\/obuxixeiro.com.br\/index.php?rest_route=\/wp\/v2\/types\/post"}],"author":[{"embeddable":true,"href":"https:\/\/obuxixeiro.com.br\/index.php?rest_route=\/wp\/v2\/users\/808"}],"replies":[{"embeddable":true,"href":"https:\/\/obuxixeiro.com.br\/index.php?rest_route=%2Fwp%2Fv2%2Fcomments&post=155730"}],"version-history":[{"count":0,"href":"https:\/\/obuxixeiro.com.br\/index.php?rest_route=\/wp\/v2\/posts\/155730\/revisions"}],"wp:featuredmedia":[{"embeddable":true,"href":"https:\/\/obuxixeiro.com.br\/index.php?rest_route=\/wp\/v2\/media\/155731"}],"wp:attachment":[{"href":"https:\/\/obuxixeiro.com.br\/index.php?rest_route=%2Fwp%2Fv2%2Fmedia&parent=155730"}],"wp:term":[{"taxonomy":"category","embeddable":true,"href":"https:\/\/obuxixeiro.com.br\/index.php?rest_route=%2Fwp%2Fv2%2Fcategories&post=155730"},{"taxonomy":"post_tag","embeddable":true,"href":"https:\/\/obuxixeiro.com.br\/index.php?rest_route=%2Fwp%2Fv2%2Ftags&post=155730"}],"curies":[{"name":"wp","href":"https:\/\/api.w.org\/{rel}","templated":true}]}}