{"id":155738,"date":"2026-03-14T12:17:00","date_gmt":"2026-03-14T15:17:00","guid":{"rendered":"https:\/\/obuxixeiro.com.br\/2026\/03\/14\/joyce-moreno-apresenta-show-inedito-no-programa-cena-musical-da-tv-brasil\/"},"modified":"2026-03-14T12:17:00","modified_gmt":"2026-03-14T15:17:00","slug":"joyce-moreno-apresenta-show-inedito-no-programa-cena-musical-da-tv-brasil","status":"publish","type":"post","link":"https:\/\/obuxixeiro.com.br\/?p=155738","title":{"rendered":"Joyce Moreno apresenta show in\u00e9dito no programa Cena Musical, da TV Brasil"},"content":{"rendered":"\n<div>\n<p><strong>Espet\u00e1culo re\u00fane can\u00e7\u00f5es do novo \u00e1lbum da artista e cl\u00e1ssicos da m\u00fasica brasileira<\/strong><\/p>\n<p>A cantora, compositora e instrumentista Joyce Moreno \u00e9 a atra\u00e7\u00e3o do programa Cena Musical, exibido pela TV Brasil, \u00e0 meia-noite deste s\u00e1bado (14). O especial apresenta o espet\u00e1culo \u201cBrasileiras Can\u00e7\u00f5es\u201d, que re\u00fane m\u00fasicas in\u00e9ditas e sucessos da trajet\u00f3ria da artista.<\/p>\n<p>O show traz obras do 42\u00ba \u00e1lbum da cantora, tamb\u00e9m intitulado <em>Brasileiras Can\u00e7\u00f5es<\/em>, e mistura composi\u00e7\u00f5es recentes com cl\u00e1ssicos da m\u00fasica brasileira. A apresenta\u00e7\u00e3o pode ser acompanhada pela televis\u00e3o e tamb\u00e9m pelas plataformas digitais da emissora.<\/p>\n<p>O programa \u00e9 apresentado pela jornalista Bia Aparecida.<\/p>\n<p><strong>Repert\u00f3rio mistura in\u00e9ditas e cl\u00e1ssicos<\/strong><\/p>\n<p>Durante o espet\u00e1culo, Joyce Moreno interpreta composi\u00e7\u00f5es autorais conhecidas do p\u00fablico, como \u201cSamba de Mulher\u201d, \u201cMonsieur Binot\u201d, \u201cO Mar \u00c9 Mulher\u201d e \u201cBoiou\u201d.<\/p>\n<p>O repert\u00f3rio tamb\u00e9m inclui can\u00e7\u00f5es in\u00e9ditas do novo trabalho, como \u201cCarnaval \u00e9 Mesmo Assim\u201d, \u201cTodo Mundo\u201d e \u201cBrasileiras Can\u00e7\u00f5es\u201d, m\u00fasica que d\u00e1 nome ao \u00e1lbum e ao show.<\/p>\n<p>Al\u00e9m das composi\u00e7\u00f5es pr\u00f3prias, o espet\u00e1culo apresenta cl\u00e1ssicos da m\u00fasica brasileira, entre eles \u201c\u00c1guas de Mar\u00e7o\u201d, \u201cMedo de Amar\u201d, \u201cDesafinado\u201d e \u201cSamba da Ben\u00e7\u00e3o\u201d, obras consagradas por diferentes int\u00e9rpretes ao longo da hist\u00f3ria da m\u00fasica nacional.<\/p>\n<p><strong>Grava\u00e7\u00e3o no Rio de Janeiro<\/strong><\/p>\n<p>A apresenta\u00e7\u00e3o exibida pela TV Brasil foi gravada no Espa\u00e7o Cultural do BNDES, no Rio de Janeiro.<\/p>\n<p>No palco, Joyce Moreno (voz e viol\u00e3o) \u00e9 acompanhada pelos m\u00fasicos Tutty Moreno (bateria), Lula Galv\u00e3o (guitarra) e Bruno Aguilar (baixo).<\/p>\n<p><strong>Sobre o programa<\/strong><\/p>\n<p>Lan\u00e7ado em 2007, o programa Cena Musical \u00e9 uma produ\u00e7\u00e3o da TV Brasil dedicada \u00e0 apresenta\u00e7\u00e3o de espet\u00e1culos in\u00e9ditos da m\u00fasica brasileira.<\/p>\n<p>Desde 2017, os shows exibidos na atra\u00e7\u00e3o s\u00e3o gravados no Espa\u00e7o Cultural do BNDES, reunindo artistas de diferentes estilos e gera\u00e7\u00f5es da m\u00fasica nacional.<\/p>\n<p>A atual temporada do programa \u00e9 apresentada pela jornalista e cantora Bia Aparecida, e re\u00fane apresenta\u00e7\u00f5es exclusivas de nomes consagrados da m\u00fasica brasileira.<\/p>\n<p>Com dire\u00e7\u00e3o de Ma\u00edra de Assis e Waldecir de Oliveira, o Cena Musical j\u00e1 recebeu artistas como Elba Ramalho, Francis Hime, Olivia Hime, Geraldo Azevedo, Gilson Peranzzetta e Jards Macal\u00e9, al\u00e9m dos grupos MPB4 e Quarteto do Rio.<\/p>\n<p><strong>Onde assistir<\/strong><\/p>\n<p>A programa\u00e7\u00e3o da TV Brasil pode ser acompanhada pela televis\u00e3o aberta, TV por assinatura ou parab\u00f3lica. Informa\u00e7\u00f5es sobre como sintonizar o canal est\u00e3o dispon\u00edveis em:<\/p>\n<figure>\n<p> https:\/\/tvbrasil.ebc.com.br\/comosintonizar <\/p>\n<\/figure>\n<p>Os programas tamb\u00e9m podem ser assistidos sob demanda no TV Brasil Play, pelo site:<\/p>\n<p>http:\/\/tvbrasilplay.com.br<\/p>\n<p>Outra op\u00e7\u00e3o \u00e9 acompanhar a transmiss\u00e3o pela WebTV da emissora:<\/p>\n<figure>\n<p> https:\/\/tvbrasil.ebc.com.br\/webtv <\/p>\n<\/figure>\n<p><strong>SERVI\u00c7O<\/strong><\/p>\n<p>Cena Musical Especial Joyce Moreno<\/p>\n<p>\ud83d\udcfa Exibi\u00e7\u00e3o: s\u00e1bado (14), \u00e0 meia-noite<br \/>\ud83d\udce1 Canal: TV Brasil<\/p>\n<p>\u25b6\ufe0f Dispon\u00edvel tamb\u00e9m nas plataformas digitais da emissora.<\/p>\n<\/p><\/div>\n<section>  \t<img alt=\"Avatar photo\" src=\"https:\/\/hostingpress.com.br\/wp-content\/uploads\/2026\/03\/cropped-Divilgacao-95x95.jpeg\"  height=\"95\" width=\"95\" decoding=\"async\">\t \t<\/p>\n<div>\n<p>Vinicius Moror\u00f3<\/p>\n<p>Editor-Executivo-Regional | Jornalista | Diretor Editorial    Editor-Executivo-Regional da HostingPress Ag\u00eancia de Not\u00edcias de S\u00e3o Paulo, com atua\u00e7\u00e3o voltada \u00e0 coordena\u00e7\u00e3o editorial regional, articula\u00e7\u00e3o com ve\u00edculos parceiros e fortalecimento da distribui\u00e7\u00e3o de conte\u00fado jornal\u00edstico no Estado de S\u00e3o Paulo.      Editor-chefe do Jornal Impacto Cotia, com foco em jornalismo investigativo, interesse p\u00fablico e an\u00e1lise cr\u00edtica de temas pol\u00edticos, sociais e institucionais.<\/p>\n<\/p><\/div>\n<\/section>\n","protected":false},"excerpt":{"rendered":"<p>Espet\u00e1culo re\u00fane can\u00e7\u00f5es do novo \u00e1lbum da artista e cl\u00e1ssicos da m\u00fasica brasileira A cantora, compositora e instrumentista Joyce Moreno \u00e9 a atra\u00e7\u00e3o do programa Cena Musical, exibido pela TV Brasil, \u00e0 meia-noite deste s\u00e1bado (14). O especial apresenta o espet\u00e1culo \u201cBrasileiras Can\u00e7\u00f5es\u201d, que re\u00fane m\u00fasicas in\u00e9ditas e sucessos da trajet\u00f3ria da artista. O show<\/p>\n","protected":false},"author":808,"featured_media":155739,"comment_status":"closed","ping_status":"closed","sticky":false,"template":"","format":"standard","meta":{"footnotes":""},"categories":[71,1],"tags":[],"class_list":{"0":"post-155738","1":"post","2":"type-post","3":"status-publish","4":"format-standard","5":"has-post-thumbnail","7":"category-shows-e-eventos","8":"category-todas-noticias"},"_links":{"self":[{"href":"https:\/\/obuxixeiro.com.br\/index.php?rest_route=\/wp\/v2\/posts\/155738","targetHints":{"allow":["GET"]}}],"collection":[{"href":"https:\/\/obuxixeiro.com.br\/index.php?rest_route=\/wp\/v2\/posts"}],"about":[{"href":"https:\/\/obuxixeiro.com.br\/index.php?rest_route=\/wp\/v2\/types\/post"}],"author":[{"embeddable":true,"href":"https:\/\/obuxixeiro.com.br\/index.php?rest_route=\/wp\/v2\/users\/808"}],"replies":[{"embeddable":true,"href":"https:\/\/obuxixeiro.com.br\/index.php?rest_route=%2Fwp%2Fv2%2Fcomments&post=155738"}],"version-history":[{"count":0,"href":"https:\/\/obuxixeiro.com.br\/index.php?rest_route=\/wp\/v2\/posts\/155738\/revisions"}],"wp:featuredmedia":[{"embeddable":true,"href":"https:\/\/obuxixeiro.com.br\/index.php?rest_route=\/wp\/v2\/media\/155739"}],"wp:attachment":[{"href":"https:\/\/obuxixeiro.com.br\/index.php?rest_route=%2Fwp%2Fv2%2Fmedia&parent=155738"}],"wp:term":[{"taxonomy":"category","embeddable":true,"href":"https:\/\/obuxixeiro.com.br\/index.php?rest_route=%2Fwp%2Fv2%2Fcategories&post=155738"},{"taxonomy":"post_tag","embeddable":true,"href":"https:\/\/obuxixeiro.com.br\/index.php?rest_route=%2Fwp%2Fv2%2Ftags&post=155738"}],"curies":[{"name":"wp","href":"https:\/\/api.w.org\/{rel}","templated":true}]}}