{"id":155740,"date":"2026-03-02T10:00:00","date_gmt":"2026-03-02T13:00:00","guid":{"rendered":"https:\/\/obuxixeiro.com.br\/2026\/03\/02\/festa-liberal-reune-650-participantes-e-marca-encerramento-do-carnaval-em-campinas\/"},"modified":"2026-03-02T10:00:00","modified_gmt":"2026-03-02T13:00:00","slug":"festa-liberal-reune-650-participantes-e-marca-encerramento-do-carnaval-em-campinas","status":"publish","type":"post","link":"https:\/\/obuxixeiro.com.br\/?p=155740","title":{"rendered":"Festa liberal re\u00fane 650 participantes e marca encerramento do carnaval em Campinas"},"content":{"rendered":"\n<div>\n<p><strong>Evento em ch\u00e1cara no interior paulista atrai p\u00fablico de v\u00e1rios estados e at\u00e9 do exterior<\/strong><\/p>\n<p>Uma festa voltada ao p\u00fablico do chamado meio liberal reuniu cerca de 650 participantes no fim de semana em Campinas, no interior de S\u00e3o Paulo. O evento foi apresentado como uma despedida do carnaval e ocorreu em uma ch\u00e1cara, cujo endere\u00e7o foi informado apenas no dia para os inscritos.<\/p>\n<p>Na entrada, a organiza\u00e7\u00e3o realizou confer\u00eancia de nomes em lista e distribuiu pulseiras de identifica\u00e7\u00e3o conforme o perfil dos participantes, como solteiros ou casais, al\u00e9m de orienta\u00e7\u00e3o sexual.<\/p>\n<p><strong>P\u00fablico de diferentes regi\u00f5es<\/strong><\/p>\n<p>O evento recebeu pessoas de cidades como Curitiba (PR), Belo Horizonte (MG), Bauru (SP) e Botucatu (SP), al\u00e9m de um participante de origem peruana.<\/p>\n<p>Entre os presentes estavam frequentadores antigos do meio liberal e pessoas que participaram pela primeira vez. Alguns relataram que costumam viajar para eventos do segmento em diferentes cidades.<\/p>\n<p><strong>Estrutura e atra\u00e7\u00f5es<\/strong><\/p>\n<p>A organiza\u00e7\u00e3o disponibilizou preservativos em pontos estrat\u00e9gicos do espa\u00e7o. A programa\u00e7\u00e3o incluiu pista de dan\u00e7a e apresenta\u00e7\u00e3o de dan\u00e7arinos contratados para interagir com o p\u00fablico.<\/p>\n<p>Segundo relatos de participantes, o ambiente foi marcado por fantasias tem\u00e1ticas e clima de confraterniza\u00e7\u00e3o entre os convidados.<\/p>\n<p><strong>Din\u00e2mica do evento<\/strong><\/p>\n<p>O local contou com \u00e1reas destinadas \u00e0 conviv\u00eancia e intera\u00e7\u00e3o entre os participantes. O evento foi tratado por frequentadores como uma extens\u00e3o das comemora\u00e7\u00f5es carnavalescas, mesmo ap\u00f3s o t\u00e9rmino oficial da festa no calend\u00e1rio.<\/p>\n<p>A organiza\u00e7\u00e3o n\u00e3o informou detalhes sobre pr\u00f3ximas edi\u00e7\u00f5es.<\/p>\n<p><strong>HostingPRESS Ag\u00eancia de Not\u00edcias de S\u00e3o Paulo<\/strong><br \/>Conte\u00fado distribu\u00eddo por nossa Central de Jornalismo<br \/>Reprodu\u00e7\u00e3o autorizada mediante cr\u00e9dito da fonte<\/p>\n<p>Portal criado para conectar os leitores da regi\u00e3o ao melhor conte\u00fado<\/p>\n<p>Somos l\u00edderes de audi\u00eancia local. Somos sociais.\u00a0Conecte-se conosco.<\/p>\n<\/p><\/div>\n<section>  \t<img alt=\"Avatar photo\" src=\"https:\/\/hostingpress.com.br\/wp-content\/uploads\/2026\/03\/cropped-Divilgacao-95x95.jpeg\"  height=\"95\" width=\"95\" decoding=\"async\">\t \t<\/p>\n<div>\n<p>Vinicius Moror\u00f3<\/p>\n<p>Editor-Executivo-Regional | Jornalista | Diretor Editorial    Editor-Executivo-Regional da HostingPress Ag\u00eancia de Not\u00edcias de S\u00e3o Paulo, com atua\u00e7\u00e3o voltada \u00e0 coordena\u00e7\u00e3o editorial regional, articula\u00e7\u00e3o com ve\u00edculos parceiros e fortalecimento da distribui\u00e7\u00e3o de conte\u00fado jornal\u00edstico no Estado de S\u00e3o Paulo.      Editor-chefe do Jornal Impacto Cotia, com foco em jornalismo investigativo, interesse p\u00fablico e an\u00e1lise cr\u00edtica de temas pol\u00edticos, sociais e institucionais.<\/p>\n<\/p><\/div>\n<\/section>\n","protected":false},"excerpt":{"rendered":"<p>Evento em ch\u00e1cara no interior paulista atrai p\u00fablico de v\u00e1rios estados e at\u00e9 do exterior Uma festa voltada ao p\u00fablico do chamado meio liberal reuniu cerca de 650 participantes no fim de semana em Campinas, no interior de S\u00e3o Paulo. O evento foi apresentado como uma despedida do carnaval e ocorreu em uma ch\u00e1cara, cujo<\/p>\n","protected":false},"author":808,"featured_media":155741,"comment_status":"closed","ping_status":"closed","sticky":false,"template":"","format":"standard","meta":{"footnotes":""},"categories":[71,1],"tags":[],"class_list":{"0":"post-155740","1":"post","2":"type-post","3":"status-publish","4":"format-standard","5":"has-post-thumbnail","7":"category-shows-e-eventos","8":"category-todas-noticias"},"_links":{"self":[{"href":"https:\/\/obuxixeiro.com.br\/index.php?rest_route=\/wp\/v2\/posts\/155740","targetHints":{"allow":["GET"]}}],"collection":[{"href":"https:\/\/obuxixeiro.com.br\/index.php?rest_route=\/wp\/v2\/posts"}],"about":[{"href":"https:\/\/obuxixeiro.com.br\/index.php?rest_route=\/wp\/v2\/types\/post"}],"author":[{"embeddable":true,"href":"https:\/\/obuxixeiro.com.br\/index.php?rest_route=\/wp\/v2\/users\/808"}],"replies":[{"embeddable":true,"href":"https:\/\/obuxixeiro.com.br\/index.php?rest_route=%2Fwp%2Fv2%2Fcomments&post=155740"}],"version-history":[{"count":0,"href":"https:\/\/obuxixeiro.com.br\/index.php?rest_route=\/wp\/v2\/posts\/155740\/revisions"}],"wp:featuredmedia":[{"embeddable":true,"href":"https:\/\/obuxixeiro.com.br\/index.php?rest_route=\/wp\/v2\/media\/155741"}],"wp:attachment":[{"href":"https:\/\/obuxixeiro.com.br\/index.php?rest_route=%2Fwp%2Fv2%2Fmedia&parent=155740"}],"wp:term":[{"taxonomy":"category","embeddable":true,"href":"https:\/\/obuxixeiro.com.br\/index.php?rest_route=%2Fwp%2Fv2%2Fcategories&post=155740"},{"taxonomy":"post_tag","embeddable":true,"href":"https:\/\/obuxixeiro.com.br\/index.php?rest_route=%2Fwp%2Fv2%2Ftags&post=155740"}],"curies":[{"name":"wp","href":"https:\/\/api.w.org\/{rel}","templated":true}]}}