{"id":155747,"date":"2026-03-07T07:17:00","date_gmt":"2026-03-07T10:17:00","guid":{"rendered":"https:\/\/obuxixeiro.com.br\/2026\/03\/07\/deborah-secco-compartilha-momento-com-a-filha-em-passeio-no-rio-de-janeiro\/"},"modified":"2026-03-07T07:17:00","modified_gmt":"2026-03-07T10:17:00","slug":"deborah-secco-compartilha-momento-com-a-filha-em-passeio-no-rio-de-janeiro","status":"publish","type":"post","link":"https:\/\/obuxixeiro.com.br\/?p=155747","title":{"rendered":"Deborah Secco compartilha momento com a filha em passeio no Rio de Janeiro"},"content":{"rendered":"\n<div>\n<p><strong>Atriz publicou foto com Maria Flor antes de sair para programa em fam\u00edlia<\/strong><\/p>\n<p><strong>A atriz Deborah Secco compartilhou nas redes sociais uma foto ao lado da filha Maria Flor, de 10 anos, antes de sair para um passeio no Rio de Janeiro. Na publica\u00e7\u00e3o, as duas aparecem <\/strong>em frente ao espelho fazendo uma selfie. A atriz escreveu na legenda: \u201cEu e ela\u201d.<\/p>\n<p>Na imagem publicada, m\u00e3e e filha aparecem juntas em um momento de lazer antes de deixar a casa para atividades na cidade.<\/p>\n<p>A postagem foi feita na sexta-feira e mostra as duas sorrindo enquanto posam para a fotografia.<\/p>\n<p>Al\u00e9m do registro do momento familiar, o visual da atriz chamou aten\u00e7\u00e3o nas redes sociais por incluir um acess\u00f3rio de grife.<\/p>\n<p>Deborah Secco aparece usando uma bolsa modelo clutch da marca italiana Bottega Veneta, em tom marrom.<\/p>\n<p>Segundo informa\u00e7\u00f5es divulgadas sobre o item, o acess\u00f3rio tem valor superior a R$ 20 mil.<\/p>\n<p><strong>Presen\u00e7a nas redes sociais<\/strong><\/p>\n<p>A atriz costuma compartilhar momentos do cotidiano e da conviv\u00eancia com a filha em suas redes sociais, incluindo registros de viagens, passeios e atividades em fam\u00edlia.<\/p>\n<p>Maria Flor \u00e9 filha da atriz com o ator e diretor Hugo Moura.<\/p>\n<p><strong>HostingPRESS Ag\u00eancia de Not\u00edcias de S\u00e3o Paulo<\/strong><br \/>Conte\u00fado distribu\u00eddo por nossa Central de Jornalismo<br \/>Reprodu\u00e7\u00e3o autorizada mediante cr\u00e9dito da fonte<\/p>\n<p>Portal criado para conectar os leitores da regi\u00e3o ao melhor conte\u00fado<\/p>\n<p>Somos l\u00edderes de audi\u00eancia local. Somos sociais.\u00a0Conecte-se conosco.<\/p>\n<\/p><\/div>\n<section>  \t<img alt=\"Avatar photo\" src=\"https:\/\/hostingpress.com.br\/wp-content\/uploads\/2026\/03\/cropped-Divilgacao-95x95.jpeg\"  height=\"95\" width=\"95\" decoding=\"async\">\t \t<\/p>\n<div>\n<p>Vinicius Moror\u00f3<\/p>\n<p>Editor-Executivo-Regional | Jornalista | Diretor Editorial    Editor-Executivo-Regional da HostingPress Ag\u00eancia de Not\u00edcias de S\u00e3o Paulo, com atua\u00e7\u00e3o voltada \u00e0 coordena\u00e7\u00e3o editorial regional, articula\u00e7\u00e3o com ve\u00edculos parceiros e fortalecimento da distribui\u00e7\u00e3o de conte\u00fado jornal\u00edstico no Estado de S\u00e3o Paulo.      Editor-chefe do Jornal Impacto Cotia, com foco em jornalismo investigativo, interesse p\u00fablico e an\u00e1lise cr\u00edtica de temas pol\u00edticos, sociais e institucionais.<\/p>\n<\/p><\/div>\n<\/section>\n","protected":false},"excerpt":{"rendered":"<p>Atriz publicou foto com Maria Flor antes de sair para programa em fam\u00edlia A atriz Deborah Secco compartilhou nas redes sociais uma foto ao lado da filha Maria Flor, de 10 anos, antes de sair para um passeio no Rio de Janeiro. Na publica\u00e7\u00e3o, as duas aparecem em frente ao espelho fazendo uma selfie. A<\/p>\n","protected":false},"author":808,"featured_media":155748,"comment_status":"closed","ping_status":"closed","sticky":false,"template":"","format":"standard","meta":{"footnotes":""},"categories":[72,1],"tags":[],"class_list":{"0":"post-155747","1":"post","2":"type-post","3":"status-publish","4":"format-standard","5":"has-post-thumbnail","7":"category-feiras-e-exposicoes","8":"category-todas-noticias"},"_links":{"self":[{"href":"https:\/\/obuxixeiro.com.br\/index.php?rest_route=\/wp\/v2\/posts\/155747","targetHints":{"allow":["GET"]}}],"collection":[{"href":"https:\/\/obuxixeiro.com.br\/index.php?rest_route=\/wp\/v2\/posts"}],"about":[{"href":"https:\/\/obuxixeiro.com.br\/index.php?rest_route=\/wp\/v2\/types\/post"}],"author":[{"embeddable":true,"href":"https:\/\/obuxixeiro.com.br\/index.php?rest_route=\/wp\/v2\/users\/808"}],"replies":[{"embeddable":true,"href":"https:\/\/obuxixeiro.com.br\/index.php?rest_route=%2Fwp%2Fv2%2Fcomments&post=155747"}],"version-history":[{"count":0,"href":"https:\/\/obuxixeiro.com.br\/index.php?rest_route=\/wp\/v2\/posts\/155747\/revisions"}],"wp:featuredmedia":[{"embeddable":true,"href":"https:\/\/obuxixeiro.com.br\/index.php?rest_route=\/wp\/v2\/media\/155748"}],"wp:attachment":[{"href":"https:\/\/obuxixeiro.com.br\/index.php?rest_route=%2Fwp%2Fv2%2Fmedia&parent=155747"}],"wp:term":[{"taxonomy":"category","embeddable":true,"href":"https:\/\/obuxixeiro.com.br\/index.php?rest_route=%2Fwp%2Fv2%2Fcategories&post=155747"},{"taxonomy":"post_tag","embeddable":true,"href":"https:\/\/obuxixeiro.com.br\/index.php?rest_route=%2Fwp%2Fv2%2Ftags&post=155747"}],"curies":[{"name":"wp","href":"https:\/\/api.w.org\/{rel}","templated":true}]}}