{"id":155755,"date":"2026-03-17T11:49:00","date_gmt":"2026-03-17T14:49:00","guid":{"rendered":"https:\/\/obuxixeiro.com.br\/2026\/03\/17\/roberta-malzoni-une-direito-comunicacao-e-atuacao-institucional-em-defesa-das-mulheres\/"},"modified":"2026-03-17T11:49:00","modified_gmt":"2026-03-17T14:49:00","slug":"roberta-malzoni-une-direito-comunicacao-e-atuacao-institucional-em-defesa-das-mulheres","status":"publish","type":"post","link":"https:\/\/obuxixeiro.com.br\/?p=155755","title":{"rendered":"Roberta Malzoni une direito, comunica\u00e7\u00e3o e atua\u00e7\u00e3o institucional em defesa das mulheres"},"content":{"rendered":"\n<div>\n<p>A trajet\u00f3ria profissional da advogada e comunicadora <strong>Roberta Malzoni<\/strong> \u00e9 marcada pela converg\u00eancia entre direito, comunica\u00e7\u00e3o e atua\u00e7\u00e3o institucional em projetos voltados \u00e0 promo\u00e7\u00e3o da cidadania e ao fortalecimento das pol\u00edticas p\u00fablicas voltadas \u00e0s mulheres.<\/p>\n<p><strong>Com d\u00e9cadas de atua\u00e7\u00e3o jur\u00eddica, Roberta construiu sua carreira com foco em temas ligados aos direitos das mulheres, da fam\u00edlia e das crian\u00e7as<\/strong>, \u00e1rea em que desenvolve trabalho de orienta\u00e7\u00e3o, debate e conscientiza\u00e7\u00e3o social.<\/p>\n<p>Ao longo desse percurso, sua atua\u00e7\u00e3o ultrapassou os limites tradicionais do exerc\u00edcio jur\u00eddico e passou a incorporar tamb\u00e9m a comunica\u00e7\u00e3o como ferramenta de educa\u00e7\u00e3o e informa\u00e7\u00e3o p\u00fablica.<\/p>\n<p>Essa aproxima\u00e7\u00e3o com o p\u00fablico se consolidou durante anos de atua\u00e7\u00e3o em programas de r\u00e1dio e televis\u00e3o, nos quais Roberta exerceu o papel de apresentadora e entrevistadora, conduzindo conversas com especialistas, profissionais e personalidades de diferentes \u00e1reas.<\/p>\n<p>Nos programas que apresentou, temas relacionados \u00e0 cidadania, desenvolvimento humano e direitos sociais passaram a ocupar espa\u00e7o central nas discuss\u00f5es, aproximando o conhecimento t\u00e9cnico do cotidiano das pessoas.<\/p>\n<blockquote>\n<p><strong>\u201cA comunica\u00e7\u00e3o se tornou uma ponte entre o conhecimento t\u00e9cnico e a vida real das pessoas.\u201d<\/strong><\/p>\n<\/blockquote>\n<p>Durante essa trajet\u00f3ria na comunica\u00e7\u00e3o, Roberta entrevistou m\u00e9dicos, advogados, educadores, empreendedores, artistas e lideran\u00e7as sociais, criando espa\u00e7os de di\u00e1logo que contribu\u00edram para ampliar o acesso \u00e0 informa\u00e7\u00e3o e estimular reflex\u00f5es sobre temas relevantes para a sociedade.<\/p>\n<p>Com a transforma\u00e7\u00e3o do ambiente midi\u00e1tico nos \u00faltimos anos, sua presen\u00e7a tamb\u00e9m se expandiu para plataformas digitais, podcasts e redes sociais, ambientes onde continua utilizando a comunica\u00e7\u00e3o como instrumento de conscientiza\u00e7\u00e3o e dissemina\u00e7\u00e3o de conhecimento.<\/p>\n<p>A atua\u00e7\u00e3o de <strong>Roberta Malzoni<\/strong> tamb\u00e9m inclui experi\u00eancia na gest\u00e3o p\u00fablica, \u00e1rea na qual participou diretamente de iniciativas voltadas \u00e0 formula\u00e7\u00e3o e ao fortalecimento de pol\u00edticas destinadas \u00e0 prote\u00e7\u00e3o e valoriza\u00e7\u00e3o das mulheres.<\/p>\n<p>Ela integrou a Secretaria da Mulher de Vargem Grande Paulista, onde atuou como diretora de gabinete, contribuindo para o desenvolvimento de a\u00e7\u00f5es institucionais voltadas \u00e0 promo\u00e7\u00e3o da equidade e ao enfrentamento de desafios relacionados \u00e0 viol\u00eancia, \u00e0 prote\u00e7\u00e3o social e ao fortalecimento da presen\u00e7a feminina na sociedade.<\/p>\n<p><strong>Essa experi\u00eancia na esfera p\u00fablica ampliou sua vis\u00e3o sobre a import\u00e2ncia da articula\u00e7\u00e3o entre sociedade civil, poder p\u00fablico e produ\u00e7\u00e3o de conhecimento<\/strong> para o avan\u00e7o das pol\u00edticas de prote\u00e7\u00e3o e valoriza\u00e7\u00e3o das mulheres.<\/p>\n<p data-wp-context---core-fit-text=\"core\/fit-text::{\"fontSize\":\"\"}\" data-wp-init---core-fit-text=\"core\/fit-text::callbacks.init\" data-wp-interactive data-wp-style--font-size=\"core\/fit-text::context.fontSize\"><strong>Destaque:<\/strong> atua\u00e7\u00e3o que integra direito, comunica\u00e7\u00e3o e pol\u00edticas p\u00fablicas<\/p>\n<p>Al\u00e9m da atua\u00e7\u00e3o jur\u00eddica, comunicacional e institucional, Roberta tamb\u00e9m participa de iniciativas voltadas \u00e0 produ\u00e7\u00e3o e dissemina\u00e7\u00e3o de conhecimento.<\/p>\n<p>Ela \u00e9 <strong>cofundadora da Editora Autoridade Brasil<\/strong>, projeto editorial desenvolvido em parceria com o microbiologista Roberto Martins Figueiredo, conhecido nacionalmente como Dr. Bact\u00e9ria.<\/p>\n<p>A proposta da editora \u00e9 criar projetos que valorizem trajet\u00f3rias profissionais e ampliem a presen\u00e7a de especialistas no debate p\u00fablico, reunindo autores que desejam compartilhar conhecimento, experi\u00eancias e reflex\u00f5es capazes de gerar impacto social.<\/p>\n<p>Com uma linha editorial voltada \u00e0 produ\u00e7\u00e3o de conte\u00fado qualificado e ao fortalecimento da autoridade intelectual de seus autores, a Autoridade Brasil busca conectar comunica\u00e7\u00e3o, educa\u00e7\u00e3o e reconhecimento profissional.<\/p>\n<p>Ao longo de sua trajet\u00f3ria,<strong> Roberta Malzoni<\/strong> consolidou uma atua\u00e7\u00e3o que transita entre o direito, a comunica\u00e7\u00e3o e a participa\u00e7\u00e3o institucional, utilizando diferentes espa\u00e7os para ampliar o acesso \u00e0 informa\u00e7\u00e3o e estimular o debate p\u00fablico sobre cidadania e direitos das mulheres.<\/p>\n<p>HostingPRESS Ag\u00eancia de Not\u00edcias de S\u00e3o Paulo<br \/>Conte\u00fado distribu\u00eddo por nossa Central de Jornalismo<br \/>Reprodu\u00e7\u00e3o autorizada mediante cr\u00e9dito da fonte<\/p>\n<p>Portal criado para conectar os leitores da regi\u00e3o ao melhor conte\u00fado<br \/>Somos l\u00edderes de audi\u00eancia local. Somos sociais. Conecte-se conosco.<\/p>\n<\/p><\/div>\n<section>  \t<img alt=\"Avatar photo\" src=\"https:\/\/hostingpress.com.br\/wp-content\/uploads\/2026\/03\/cropped-Divilgacao-95x95.jpeg\"  height=\"95\" width=\"95\" decoding=\"async\">\t \t<\/p>\n<div>\n<p>Vinicius Moror\u00f3<\/p>\n<p>Editor-Executivo-Regional | Jornalista | Diretor Editorial    Editor-Executivo-Regional da HostingPress Ag\u00eancia de Not\u00edcias de S\u00e3o Paulo, com atua\u00e7\u00e3o voltada \u00e0 coordena\u00e7\u00e3o editorial regional, articula\u00e7\u00e3o com ve\u00edculos parceiros e fortalecimento da distribui\u00e7\u00e3o de conte\u00fado jornal\u00edstico no Estado de S\u00e3o Paulo.      Editor-chefe do Jornal Impacto Cotia, com foco em jornalismo investigativo, interesse p\u00fablico e an\u00e1lise cr\u00edtica de temas pol\u00edticos, sociais e institucionais.<\/p>\n<\/p><\/div>\n<\/section>\n","protected":false},"excerpt":{"rendered":"<p>A trajet\u00f3ria profissional da advogada e comunicadora Roberta Malzoni \u00e9 marcada pela converg\u00eancia entre direito, comunica\u00e7\u00e3o e atua\u00e7\u00e3o institucional em projetos voltados \u00e0 promo\u00e7\u00e3o da cidadania e ao fortalecimento das pol\u00edticas p\u00fablicas voltadas \u00e0s mulheres. Com d\u00e9cadas de atua\u00e7\u00e3o jur\u00eddica, Roberta construiu sua carreira com foco em temas ligados aos direitos das mulheres, da fam\u00edlia<\/p>\n","protected":false},"author":808,"featured_media":155756,"comment_status":"closed","ping_status":"closed","sticky":false,"template":"","format":"standard","meta":{"footnotes":""},"categories":[77,1],"tags":[],"class_list":{"0":"post-155755","1":"post","2":"type-post","3":"status-publish","4":"format-standard","5":"has-post-thumbnail","7":"category-papo-de-especialista","8":"category-todas-noticias"},"_links":{"self":[{"href":"https:\/\/obuxixeiro.com.br\/index.php?rest_route=\/wp\/v2\/posts\/155755","targetHints":{"allow":["GET"]}}],"collection":[{"href":"https:\/\/obuxixeiro.com.br\/index.php?rest_route=\/wp\/v2\/posts"}],"about":[{"href":"https:\/\/obuxixeiro.com.br\/index.php?rest_route=\/wp\/v2\/types\/post"}],"author":[{"embeddable":true,"href":"https:\/\/obuxixeiro.com.br\/index.php?rest_route=\/wp\/v2\/users\/808"}],"replies":[{"embeddable":true,"href":"https:\/\/obuxixeiro.com.br\/index.php?rest_route=%2Fwp%2Fv2%2Fcomments&post=155755"}],"version-history":[{"count":0,"href":"https:\/\/obuxixeiro.com.br\/index.php?rest_route=\/wp\/v2\/posts\/155755\/revisions"}],"wp:featuredmedia":[{"embeddable":true,"href":"https:\/\/obuxixeiro.com.br\/index.php?rest_route=\/wp\/v2\/media\/155756"}],"wp:attachment":[{"href":"https:\/\/obuxixeiro.com.br\/index.php?rest_route=%2Fwp%2Fv2%2Fmedia&parent=155755"}],"wp:term":[{"taxonomy":"category","embeddable":true,"href":"https:\/\/obuxixeiro.com.br\/index.php?rest_route=%2Fwp%2Fv2%2Fcategories&post=155755"},{"taxonomy":"post_tag","embeddable":true,"href":"https:\/\/obuxixeiro.com.br\/index.php?rest_route=%2Fwp%2Fv2%2Ftags&post=155755"}],"curies":[{"name":"wp","href":"https:\/\/api.w.org\/{rel}","templated":true}]}}