{"id":155757,"date":"2026-03-17T11:26:00","date_gmt":"2026-03-17T14:26:00","guid":{"rendered":"https:\/\/obuxixeiro.com.br\/2026\/03\/17\/dr-bacteria-o-cientista-que-levou-a-microbiologia-para-milhoes-de-brasileiros\/"},"modified":"2026-03-17T11:26:00","modified_gmt":"2026-03-17T14:26:00","slug":"dr-bacteria-o-cientista-que-levou-a-microbiologia-para-milhoes-de-brasileiros","status":"publish","type":"post","link":"https:\/\/obuxixeiro.com.br\/?p=155757","title":{"rendered":"Dr. Bact\u00e9ria: o cientista que levou a microbiologia para milh\u00f5es de brasileiros"},"content":{"rendered":"\n<div>\n<p>O microbiologista <strong>Roberto Martins Figueiredo<\/strong>, conhecido nacionalmente como <strong>Dr. Bact\u00e9ria<\/strong>, consolidou-se como um dos principais nomes da divulga\u00e7\u00e3o cient\u00edfica no Brasil ao transformar o conhecimento t\u00e9cnico da microbiologia em orienta\u00e7\u00f5es pr\u00e1ticas para o dia a dia da popula\u00e7\u00e3o.<\/p>\n<p>Biom\u00e9dico e especialista em sa\u00fade p\u00fablica, o pesquisador construiu uma trajet\u00f3ria marcada pela integra\u00e7\u00e3o entre <strong>ci\u00eancia, educa\u00e7\u00e3o e comunica\u00e7\u00e3o<\/strong>, levando informa\u00e7\u00f5es fundamentais sobre higiene, preven\u00e7\u00e3o de doen\u00e7as e seguran\u00e7a alimentar a milh\u00f5es de brasileiros.<\/p>\n<p>Sua proje\u00e7\u00e3o nacional ganhou grande destaque por meio de participa\u00e7\u00f5es em programas de televis\u00e3o de grande audi\u00eancia.<\/p>\n<p>Dr. Bact\u00e9ria tornou-se conhecido do p\u00fablico ao levar orienta\u00e7\u00f5es cient\u00edficas de forma did\u00e1tica e acess\u00edvel em quadros exibidos no <strong>Fant\u00e1stico<\/strong>, da Rede Globo, al\u00e9m de entrevistas e participa\u00e7\u00f5es em emissoras como a <strong>Record TV<\/strong> e outros importantes ve\u00edculos de comunica\u00e7\u00e3o do pa\u00eds.<\/p>\n<p>Ao longo de sua carreira, tamb\u00e9m participou de programas de entrevistas e entretenimento amplamente reconhecidos pelo p\u00fablico brasileiro, como o <strong>Programa do J\u00f4<\/strong>, o <strong>Programa do Porchat<\/strong> e o <strong>The Noite com Danilo Gentili<\/strong>, onde abordou temas relacionados \u00e0 microbiologia e \u00e0 sa\u00fade p\u00fablica de maneira clara e educativa.<\/p>\n<p>No r\u00e1dio, sua atua\u00e7\u00e3o tamb\u00e9m alcan\u00e7ou grande p\u00fablico, com participa\u00e7\u00f5es em ve\u00edculos de alcance nacional, incluindo a <strong>Jovem Pan<\/strong>, contribuindo para a dissemina\u00e7\u00e3o de orienta\u00e7\u00f5es sobre higiene dom\u00e9stica, preven\u00e7\u00e3o de contamina\u00e7\u00f5es e cuidados com alimentos.<\/p>\n<p>Mais recentemente, sua presen\u00e7a ampliou-se para <strong>podcasts e plataformas digitais<\/strong>, participando de programas de grande audi\u00eancia e levando a divulga\u00e7\u00e3o cient\u00edfica para novos formatos e gera\u00e7\u00f5es.<\/p>\n<p>Entre as contribui\u00e7\u00f5es mais relevantes de sua atua\u00e7\u00e3o p\u00fablica est\u00e1 a populariza\u00e7\u00e3o de alertas sanit\u00e1rios importantes para a popula\u00e7\u00e3o.<\/p>\n<p>Um dos exemplos mais conhecidos \u00e9 a orienta\u00e7\u00e3o de que <strong>crian\u00e7as menores de um ano n\u00e3o devem consumir mel<\/strong>, devido ao risco de <strong>botulismo infantil<\/strong> informa\u00e7\u00e3o que hoje aparece inclusive nos r\u00f3tulos de diversos produtos derivados das abelhas no Brasil.<\/p>\n<p>Al\u00e9m da atua\u00e7\u00e3o cient\u00edfica e midi\u00e1tica, <strong>Dr. Bact\u00e9ria<\/strong> tamb\u00e9m \u00e9 <strong>cofundador da Editora Autoridade Brasil<\/strong>, ao lado da advogada, jornalista e comunicadora <strong>Roberta Malzoni<\/strong>.<\/p>\n<p>A editora surge com a proposta de atuar como uma <strong>plataforma educacional e editorial voltada \u00e0 constru\u00e7\u00e3o de autoridade intelectual<\/strong>, reunindo especialistas de diferentes \u00e1reas para compartilhar conhecimento, experi\u00eancias e reflex\u00f5es capazes de contribuir para o debate p\u00fablico e o desenvolvimento da sociedade.<\/p>\n<p>Com foco em comunica\u00e7\u00e3o estrat\u00e9gica, produ\u00e7\u00e3o intelectual e valoriza\u00e7\u00e3o de especialistas, a Autoridade Brasil busca transformar conhecimento em legado e ampliar a presen\u00e7a de profissionais qualificados na circula\u00e7\u00e3o de ideias e conte\u00fados relevantes.<\/p>\n<p>Com d\u00e9cadas de atua\u00e7\u00e3o profissional e uma carreira marcada pelo compromisso com a ci\u00eancia e a educa\u00e7\u00e3o, <strong>Dr. Bact\u00e9ria segue contribuindo para a constru\u00e7\u00e3o de uma sociedade mais informada, saud\u00e1vel e consciente<\/strong>.<\/p>\n<p><strong>HostingPRESS Ag\u00eancia de Not\u00edcias de S\u00e3o Paulo<\/strong><br \/>Conte\u00fado distribu\u00eddo por nossa Central de Jornalismo<br \/>Reprodu\u00e7\u00e3o autorizada mediante cr\u00e9dito da fonte<\/p>\n<p>Portal criado para conectar os leitores da regi\u00e3o ao melhor conte\u00fado<br \/>Somos l\u00edderes de audi\u00eancia local. Somos sociais. Conecte-se conosco.<\/p>\n<\/p><\/div>\n<section>  \t<img alt=\"Avatar photo\" src=\"https:\/\/hostingpress.com.br\/wp-content\/uploads\/2026\/03\/cropped-Divilgacao-95x95.jpeg\"  height=\"95\" width=\"95\" decoding=\"async\">\t \t<\/p>\n<div>\n<p>Vinicius Moror\u00f3<\/p>\n<p>Editor-Executivo-Regional | Jornalista | Diretor Editorial    Editor-Executivo-Regional da HostingPress Ag\u00eancia de Not\u00edcias de S\u00e3o Paulo, com atua\u00e7\u00e3o voltada \u00e0 coordena\u00e7\u00e3o editorial regional, articula\u00e7\u00e3o com ve\u00edculos parceiros e fortalecimento da distribui\u00e7\u00e3o de conte\u00fado jornal\u00edstico no Estado de S\u00e3o Paulo.      Editor-chefe do Jornal Impacto Cotia, com foco em jornalismo investigativo, interesse p\u00fablico e an\u00e1lise cr\u00edtica de temas pol\u00edticos, sociais e institucionais.<\/p>\n<\/p><\/div>\n<\/section>\n","protected":false},"excerpt":{"rendered":"<p>O microbiologista Roberto Martins Figueiredo, conhecido nacionalmente como Dr. Bact\u00e9ria, consolidou-se como um dos principais nomes da divulga\u00e7\u00e3o cient\u00edfica no Brasil ao transformar o conhecimento t\u00e9cnico da microbiologia em orienta\u00e7\u00f5es pr\u00e1ticas para o dia a dia da popula\u00e7\u00e3o. Biom\u00e9dico e especialista em sa\u00fade p\u00fablica, o pesquisador construiu uma trajet\u00f3ria marcada pela integra\u00e7\u00e3o entre ci\u00eancia, educa\u00e7\u00e3o<\/p>\n","protected":false},"author":808,"featured_media":155758,"comment_status":"closed","ping_status":"closed","sticky":false,"template":"","format":"standard","meta":{"footnotes":""},"categories":[77,1],"tags":[],"class_list":{"0":"post-155757","1":"post","2":"type-post","3":"status-publish","4":"format-standard","5":"has-post-thumbnail","7":"category-papo-de-especialista","8":"category-todas-noticias"},"_links":{"self":[{"href":"https:\/\/obuxixeiro.com.br\/index.php?rest_route=\/wp\/v2\/posts\/155757","targetHints":{"allow":["GET"]}}],"collection":[{"href":"https:\/\/obuxixeiro.com.br\/index.php?rest_route=\/wp\/v2\/posts"}],"about":[{"href":"https:\/\/obuxixeiro.com.br\/index.php?rest_route=\/wp\/v2\/types\/post"}],"author":[{"embeddable":true,"href":"https:\/\/obuxixeiro.com.br\/index.php?rest_route=\/wp\/v2\/users\/808"}],"replies":[{"embeddable":true,"href":"https:\/\/obuxixeiro.com.br\/index.php?rest_route=%2Fwp%2Fv2%2Fcomments&post=155757"}],"version-history":[{"count":0,"href":"https:\/\/obuxixeiro.com.br\/index.php?rest_route=\/wp\/v2\/posts\/155757\/revisions"}],"wp:featuredmedia":[{"embeddable":true,"href":"https:\/\/obuxixeiro.com.br\/index.php?rest_route=\/wp\/v2\/media\/155758"}],"wp:attachment":[{"href":"https:\/\/obuxixeiro.com.br\/index.php?rest_route=%2Fwp%2Fv2%2Fmedia&parent=155757"}],"wp:term":[{"taxonomy":"category","embeddable":true,"href":"https:\/\/obuxixeiro.com.br\/index.php?rest_route=%2Fwp%2Fv2%2Fcategories&post=155757"},{"taxonomy":"post_tag","embeddable":true,"href":"https:\/\/obuxixeiro.com.br\/index.php?rest_route=%2Fwp%2Fv2%2Ftags&post=155757"}],"curies":[{"name":"wp","href":"https:\/\/api.w.org\/{rel}","templated":true}]}}