{"id":155770,"date":"2026-04-11T01:24:00","date_gmt":"2026-04-11T04:24:00","guid":{"rendered":"https:\/\/obuxixeiro.com.br\/2026\/04\/11\/enel-nega-intencao-de-vender-operacao-em-sp-em-meio-a-risco-de-perder-concessao\/"},"modified":"2026-04-11T01:24:00","modified_gmt":"2026-04-11T04:24:00","slug":"enel-nega-intencao-de-vender-operacao-em-sp-em-meio-a-risco-de-perder-concessao","status":"publish","type":"post","link":"https:\/\/obuxixeiro.com.br\/?p=155770","title":{"rendered":"Enel nega inten\u00e7\u00e3o de vender opera\u00e7\u00e3o em SP em meio a risco de perder concess\u00e3o"},"content":{"rendered":"\n<div>\n<p><strong>Empresa enfrenta press\u00e3o ap\u00f3s apag\u00f5es e poss\u00edvel revis\u00e3o de contrato<\/strong><\/p>\n<p>A Enel negou que pretende vender sua opera\u00e7\u00e3o em S\u00e3o Paulo, em meio a discuss\u00f5es sobre a continuidade do contrato de concess\u00e3o no estado. A empresa enfrenta press\u00e3o ap\u00f3s epis\u00f3dios recentes de apag\u00f5es que afetaram o fornecimento de energia.<\/p>\n<p>A possibilidade de perda da concess\u00e3o passou a ser debatida diante das falhas no servi\u00e7o, o que levou autoridades a avaliarem medidas sobre a perman\u00eancia da companhia na gest\u00e3o da distribui\u00e7\u00e3o el\u00e9trica.<\/p>\n<p><strong>Press\u00e3o ap\u00f3s falhas no servi\u00e7o<\/strong><\/p>\n<p>Os apag\u00f5es registrados em diferentes momentos intensificaram cr\u00edticas \u00e0 atua\u00e7\u00e3o da empresa, especialmente em rela\u00e7\u00e3o ao tempo de resposta e \u00e0 normaliza\u00e7\u00e3o do fornecimento.<\/p>\n<p>A situa\u00e7\u00e3o tamb\u00e9m gerou questionamentos sobre a qualidade do servi\u00e7o prestado \u00e0 popula\u00e7\u00e3o.<\/p>\n<p><strong>Posicionamento da empresa<\/strong><\/p>\n<p>Em resposta, a Enel afirmou que n\u00e3o h\u00e1 inten\u00e7\u00e3o de venda da opera\u00e7\u00e3o paulista e que segue comprometida com a continuidade dos servi\u00e7os.<\/p>\n<p><strong>Poss\u00edvel revis\u00e3o de contrato<\/strong><\/p>\n<p>Diante do cen\u00e1rio, autoridades discutem a possibilidade de revis\u00e3o ou at\u00e9 mesmo encerramento da concess\u00e3o, dependendo da avalia\u00e7\u00e3o sobre o cumprimento das obriga\u00e7\u00f5es contratuais.<\/p>\n<p>Ainda n\u00e3o h\u00e1 defini\u00e7\u00e3o sobre eventuais medidas administrativas.<\/p>\n<p><strong>HostingPRESS Ag\u00eancia de Not\u00edcias de S\u00e3o Paulo<\/strong><br \/>Conte\u00fado distribu\u00eddo por nossa Central de Jornalismo<br \/>Reprodu\u00e7\u00e3o autorizada mediante cr\u00e9dito da fonte<\/p>\n<p>Portal criado para conectar os leitores da regi\u00e3o ao melhor conte\u00fado<\/p>\n<p>Somos l\u00edderes de audi\u00eancia local. Somos sociais.\u00a0Conecte-se conosco.<\/p>\n<\/p><\/div>\n<section>  \t<img alt=\"Avatar photo\" src=\"https:\/\/hostingpress.com.br\/wp-content\/uploads\/2026\/03\/cropped-Divilgacao-95x95.jpeg\"  height=\"95\" width=\"95\" decoding=\"async\">\t \t<\/p>\n<div>\n<p>Vinicius Moror\u00f3<\/p>\n<p>Editor-Executivo-Regional | Jornalista | Diretor Editorial    Editor-Executivo-Regional da HostingPress Ag\u00eancia de Not\u00edcias de S\u00e3o Paulo, com atua\u00e7\u00e3o voltada \u00e0 coordena\u00e7\u00e3o editorial regional, articula\u00e7\u00e3o com ve\u00edculos parceiros e fortalecimento da distribui\u00e7\u00e3o de conte\u00fado jornal\u00edstico no Estado de S\u00e3o Paulo.      Editor-chefe do Jornal Impacto Cotia, com foco em jornalismo investigativo, interesse p\u00fablico e an\u00e1lise cr\u00edtica de temas pol\u00edticos, sociais e institucionais.<\/p>\n<\/p><\/div>\n<\/section>\n","protected":false},"excerpt":{"rendered":"<p>Empresa enfrenta press\u00e3o ap\u00f3s apag\u00f5es e poss\u00edvel revis\u00e3o de contrato A Enel negou que pretende vender sua opera\u00e7\u00e3o em S\u00e3o Paulo, em meio a discuss\u00f5es sobre a continuidade do contrato de concess\u00e3o no estado. A empresa enfrenta press\u00e3o ap\u00f3s epis\u00f3dios recentes de apag\u00f5es que afetaram o fornecimento de energia. A possibilidade de perda da concess\u00e3o<\/p>\n","protected":false},"author":808,"featured_media":155771,"comment_status":"closed","ping_status":"closed","sticky":false,"template":"","format":"standard","meta":{"footnotes":""},"categories":[79,1],"tags":[],"class_list":{"0":"post-155770","1":"post","2":"type-post","3":"status-publish","4":"format-standard","5":"has-post-thumbnail","7":"category-destaque-nacional","8":"category-todas-noticias"},"_links":{"self":[{"href":"https:\/\/obuxixeiro.com.br\/index.php?rest_route=\/wp\/v2\/posts\/155770","targetHints":{"allow":["GET"]}}],"collection":[{"href":"https:\/\/obuxixeiro.com.br\/index.php?rest_route=\/wp\/v2\/posts"}],"about":[{"href":"https:\/\/obuxixeiro.com.br\/index.php?rest_route=\/wp\/v2\/types\/post"}],"author":[{"embeddable":true,"href":"https:\/\/obuxixeiro.com.br\/index.php?rest_route=\/wp\/v2\/users\/808"}],"replies":[{"embeddable":true,"href":"https:\/\/obuxixeiro.com.br\/index.php?rest_route=%2Fwp%2Fv2%2Fcomments&post=155770"}],"version-history":[{"count":0,"href":"https:\/\/obuxixeiro.com.br\/index.php?rest_route=\/wp\/v2\/posts\/155770\/revisions"}],"wp:featuredmedia":[{"embeddable":true,"href":"https:\/\/obuxixeiro.com.br\/index.php?rest_route=\/wp\/v2\/media\/155771"}],"wp:attachment":[{"href":"https:\/\/obuxixeiro.com.br\/index.php?rest_route=%2Fwp%2Fv2%2Fmedia&parent=155770"}],"wp:term":[{"taxonomy":"category","embeddable":true,"href":"https:\/\/obuxixeiro.com.br\/index.php?rest_route=%2Fwp%2Fv2%2Fcategories&post=155770"},{"taxonomy":"post_tag","embeddable":true,"href":"https:\/\/obuxixeiro.com.br\/index.php?rest_route=%2Fwp%2Fv2%2Ftags&post=155770"}],"curies":[{"name":"wp","href":"https:\/\/api.w.org\/{rel}","templated":true}]}}