{"id":155772,"date":"2026-04-24T15:26:00","date_gmt":"2026-04-24T18:26:00","guid":{"rendered":"https:\/\/obuxixeiro.com.br\/2026\/04\/24\/esg-construindo-um-amanha-mais-justo-esg-e-a-politica-no-brasil\/"},"modified":"2026-04-24T15:26:00","modified_gmt":"2026-04-24T18:26:00","slug":"esg-construindo-um-amanha-mais-justo-esg-e-a-politica-no-brasil","status":"publish","type":"post","link":"https:\/\/obuxixeiro.com.br\/?p=155772","title":{"rendered":"ESG  Construindo um Amanh\u00e3 Mais Justo: ESG e a Pol\u00edtica no Brasil"},"content":{"rendered":"\n<div>\n<p>Na era da transforma\u00e7\u00e3o pol\u00edtica, surge uma obra que redefine o curso da governan\u00e7a no Brasil. \u201cESG \u2013 Construindo o Amanh\u00e3: Pol\u00edtica, Inova\u00e7\u00e3o e Sustentabilidade\u201d<\/p>\n<p>Os princ\u00edpios ESG moldam uma vis\u00e3o audaciosa de um Brasil mais sustent\u00e1vel e inclusivo.<\/p>\n<p>A jornada come\u00e7a desvendando os alicerces da pol\u00edtica e sua fus\u00e3o com os princ\u00edpios ESG \u2013 Ambiental, Social e de Governan\u00e7a.<\/p>\n<p>Da luta contra a desigualdade \u00e0 preserva\u00e7\u00e3o do meio ambiente, cada p\u00e1gina revela como a pol\u00edtica progressista no Brasil se alinha com uma abordagem mais \u00e9tica e respons\u00e1vel.<\/p>\n<p>Ao adentrar as p\u00e1ginas deste livro, somos conduzidos por uma explora\u00e7\u00e3o detalhada de como a tecnologia e a inova\u00e7\u00e3o se tornaram aliadas poderosas nessa jornada.<\/p>\n<p>Desde o uso de Intelig\u00eancia Artificial para aprimorar a transpar\u00eancia at\u00e9 o blockchain como guardi\u00e3o da integridade, cada cap\u00edtulo revela como a pol\u00edtica no Brasil est\u00e1 abra\u00e7ando o futuro com determina\u00e7\u00e3o e vis\u00e3o.<\/p>\n<p>Mas a verdadeira ess\u00eancia desse livro reside na sua convoca\u00e7\u00e3o aos cidad\u00e3os.<\/p>\n<p>Cada indiv\u00edduo \u00e9 convidado a se tornar um agente de mudan\u00e7a, inspirado pela vis\u00e3o ESG a contribuir para um amanh\u00e3 mais justo e sustent\u00e1vel.<\/p>\n<p>O livro encoraja uma participa\u00e7\u00e3o ativa na constru\u00e7\u00e3o de um Brasil que valoriza a inclus\u00e3o, a transpar\u00eancia e a responsabilidade.<\/p>\n<p>\u201cCom a vis\u00e3o ESG, constru\u00edmos a base para um amanh\u00e3 mais sustent\u00e1vel e inclusivo, onde o progresso se une \u00e0 responsabilidade social e ambiental, transformando desafios em oportunidades de crescimento e prosperidade para todos.\u201d Afirma o autor Humberto Brassioli Corsi<\/p>\n<p>Com isso, em tempos de desafios globais, \u201cESG \u2013 Construindo o Amanh\u00e3\u201d oferece uma b\u00fassola para uma pol\u00edtica mais comprometida e uma sociedade mais resiliente. \u00c9 uma chamada para a a\u00e7\u00e3o, uma vis\u00e3o de esperan\u00e7a e uma promessa de um futuro melhor para todos.<\/p>\n<p>\u270d\ufe0f Humberto Brassioli Corsi<\/p>\n<p>Saiba mais\u2026<\/p>\n<p>https:\/\/loja.uiclap.com\/titulo\/ua38831<\/p>\n<p><strong>HostingPRESS Ag\u00eancia de Not\u00edcias de S\u00e3o Paulo<\/strong><br \/>Conte\u00fado distribu\u00eddo por nossa Central de Jornalismo<br \/>Reprodu\u00e7\u00e3o autorizada mediante cr\u00e9dito da fonte<\/p>\n<p>Portal criado para conectar os leitores da regi\u00e3o ao melhor conte\u00fado<\/p>\n<p>Somos l\u00edderes de audi\u00eancia local. Somos sociais.\u00a0Conecte-se conosco.<\/p>\n<\/p><\/div>\n<section>  \t<img alt=\"Avatar photo\" src=\"https:\/\/hostingpress.com.br\/wp-content\/uploads\/2026\/03\/cropped-Divilgacao-95x95.jpeg\"  height=\"95\" width=\"95\" decoding=\"async\">\t \t<\/p>\n<div>\n<p>Vinicius Moror\u00f3<\/p>\n<p>Editor-Executivo-Regional | Jornalista | Diretor Editorial    Editor-Executivo-Regional da HostingPress Ag\u00eancia de Not\u00edcias de S\u00e3o Paulo, com atua\u00e7\u00e3o voltada \u00e0 coordena\u00e7\u00e3o editorial regional, articula\u00e7\u00e3o com ve\u00edculos parceiros e fortalecimento da distribui\u00e7\u00e3o de conte\u00fado jornal\u00edstico no Estado de S\u00e3o Paulo.      Editor-chefe do Jornal Impacto Cotia, com foco em jornalismo investigativo, interesse p\u00fablico e an\u00e1lise cr\u00edtica de temas pol\u00edticos, sociais e institucionais.<\/p>\n<\/p><\/div>\n<\/section>\n","protected":false},"excerpt":{"rendered":"<p>Na era da transforma\u00e7\u00e3o pol\u00edtica, surge uma obra que redefine o curso da governan\u00e7a no Brasil. \u201cESG \u2013 Construindo o Amanh\u00e3: Pol\u00edtica, Inova\u00e7\u00e3o e Sustentabilidade\u201d Os princ\u00edpios ESG moldam uma vis\u00e3o audaciosa de um Brasil mais sustent\u00e1vel e inclusivo. A jornada come\u00e7a desvendando os alicerces da pol\u00edtica e sua fus\u00e3o com os princ\u00edpios ESG \u2013<\/p>\n","protected":false},"author":808,"featured_media":155773,"comment_status":"closed","ping_status":"closed","sticky":false,"template":"","format":"standard","meta":{"footnotes":""},"categories":[32,1],"tags":[],"class_list":{"0":"post-155772","1":"post","2":"type-post","3":"status-publish","4":"format-standard","5":"has-post-thumbnail","7":"category-brasil","8":"category-todas-noticias"},"_links":{"self":[{"href":"https:\/\/obuxixeiro.com.br\/index.php?rest_route=\/wp\/v2\/posts\/155772","targetHints":{"allow":["GET"]}}],"collection":[{"href":"https:\/\/obuxixeiro.com.br\/index.php?rest_route=\/wp\/v2\/posts"}],"about":[{"href":"https:\/\/obuxixeiro.com.br\/index.php?rest_route=\/wp\/v2\/types\/post"}],"author":[{"embeddable":true,"href":"https:\/\/obuxixeiro.com.br\/index.php?rest_route=\/wp\/v2\/users\/808"}],"replies":[{"embeddable":true,"href":"https:\/\/obuxixeiro.com.br\/index.php?rest_route=%2Fwp%2Fv2%2Fcomments&post=155772"}],"version-history":[{"count":0,"href":"https:\/\/obuxixeiro.com.br\/index.php?rest_route=\/wp\/v2\/posts\/155772\/revisions"}],"wp:featuredmedia":[{"embeddable":true,"href":"https:\/\/obuxixeiro.com.br\/index.php?rest_route=\/wp\/v2\/media\/155773"}],"wp:attachment":[{"href":"https:\/\/obuxixeiro.com.br\/index.php?rest_route=%2Fwp%2Fv2%2Fmedia&parent=155772"}],"wp:term":[{"taxonomy":"category","embeddable":true,"href":"https:\/\/obuxixeiro.com.br\/index.php?rest_route=%2Fwp%2Fv2%2Fcategories&post=155772"},{"taxonomy":"post_tag","embeddable":true,"href":"https:\/\/obuxixeiro.com.br\/index.php?rest_route=%2Fwp%2Fv2%2Ftags&post=155772"}],"curies":[{"name":"wp","href":"https:\/\/api.w.org\/{rel}","templated":true}]}}