{"id":155782,"date":"2026-03-07T09:13:00","date_gmt":"2026-03-07T12:13:00","guid":{"rendered":"https:\/\/obuxixeiro.com.br\/2026\/03\/07\/estacoes-bras-e-tamanduatei-recebem-atendimento-do-procon-sp-durante-a-semana-do-consumidor\/"},"modified":"2026-03-07T09:13:00","modified_gmt":"2026-03-07T12:13:00","slug":"estacoes-bras-e-tamanduatei-recebem-atendimento-do-procon-sp-durante-a-semana-do-consumidor","status":"publish","type":"post","link":"https:\/\/obuxixeiro.com.br\/?p=155782","title":{"rendered":"Esta\u00e7\u00f5es Br\u00e1s e Tamanduate\u00ed recebem atendimento do Procon-SP durante a Semana do Consumidor"},"content":{"rendered":"\n<div>\n<p><strong>Passageiros da CPTM poder\u00e3o tirar d\u00favidas e registrar reclama\u00e7\u00f5es entre 9 e 13 de mar\u00e7o<\/strong><\/p>\n<p><strong>As esta\u00e7\u00f5es Br\u00e1s e Tamanduate\u00ed, da Companhia Paulista de Trens Metropolitanos (CPTM), receber\u00e3o plant\u00f5es de atendimento da Funda\u00e7\u00e3o Procon-SP entre os dias 9 e 13 de mar\u00e7o, durante a Semana do Consumidor 2026. A iniciativa oferecer\u00e1 orienta\u00e7\u00e3o e suporte aos passageiros sobre direitos do consumidor, al\u00e9m da possibilidade de registro de reclama\u00e7\u00f5es contra fornecedores.<\/strong><\/p>\n<p><strong>A a\u00e7\u00e3o \u00e9 realizada por meio de uma parceria entre a CPTM, a Secretaria dos Transportes Metropolitanos (STM) e a Funda\u00e7\u00e3o Procon-SP.<\/strong><\/p>\n<p><strong>Durante o per\u00edodo, agentes do \u00f3rg\u00e3o estar\u00e3o dispon\u00edveis para prestar orienta\u00e7\u00f5es sobre rela\u00e7\u00f5es de consumo, incluindo d\u00favidas sobre:<\/strong><\/p>\n<ul>\n<li><strong>direitos do consumidor<\/strong><\/li>\n<li><strong>trocas de produtos<\/strong><\/li>\n<li><strong>renegocia\u00e7\u00e3o de d\u00edvidas<\/strong><\/li>\n<li><strong>registro de reclama\u00e7\u00f5es contra empresas<\/strong><\/li>\n<\/ul>\n<p><strong>O objetivo \u00e9 facilitar o acesso ao atendimento ao p\u00fablico em locais de grande circula\u00e7\u00e3o de pessoas no sistema ferrovi\u00e1rio metropolitano.<\/strong><\/p>\n<p><strong>Locais e hor\u00e1rios de atendimento<\/strong><\/p>\n<p><strong>Na Esta\u00e7\u00e3o Tamanduate\u00ed, o servi\u00e7o funcionar\u00e1 de segunda-feira (9) a sexta-feira (13), das 10h \u00e0s 15h.<\/strong><\/p>\n<p><strong>J\u00e1 na Esta\u00e7\u00e3o Br\u00e1s, o atendimento ocorrer\u00e1 de ter\u00e7a-feira (10) a sexta-feira (13), tamb\u00e9m no hor\u00e1rio das 10h \u00e0s 15h.<\/strong><\/p>\n<p><strong>Ambas as esta\u00e7\u00f5es s\u00e3o importantes pontos de conex\u00e3o do sistema ferrovi\u00e1rio e metrovi\u00e1rio da capital paulista.<\/strong><\/p>\n<p><strong>Documentos necess\u00e1rios<\/strong><\/p>\n<p><strong>Para formalizar reclama\u00e7\u00f5es ou solicitar intermedia\u00e7\u00e3o do Procon-SP, os consumidores dever\u00e3o apresentar:<\/strong><\/p>\n<ul>\n<li><strong>documento de identidade (RG e CPF)<\/strong><\/li>\n<li><strong>comprovante de resid\u00eancia<\/strong><\/li>\n<li><strong>comprovantes da rela\u00e7\u00e3o de consumo, como nota fiscal ou contrato<\/strong><\/li>\n<\/ul>\n<p><strong>Sobre a CPTM<\/strong><\/p>\n<p><strong>A Companhia Paulista de Trens Metropolitanos (CPTM) opera o sistema ferrovi\u00e1rio de passageiros na Regi\u00e3o Metropolitana de S\u00e3o Paulo.<\/strong><\/p>\n<p><strong>Atualmente, a empresa transporta cerca de 1,2 milh\u00e3o de passageiros por dia \u00fatil.<\/strong><\/p>\n<p><strong>As quatro linhas da CPTM somam 142 quil\u00f4metros de extens\u00e3o, com 41 esta\u00e7\u00f5es, atendendo moradores de 12 munic\u00edpios, incluindo a capital paulista.<\/strong><\/p>\n<p><strong>Sobre o Procon-SP<\/strong><\/p>\n<p><strong>A Funda\u00e7\u00e3o Procon-SP completa 50 anos em 2026 e atua na defesa e prote\u00e7\u00e3o dos consumidores no estado de S\u00e3o Paulo.<\/strong><\/p>\n<p><strong>A institui\u00e7\u00e3o possui sede na regi\u00e3o da Liberdade, na capital, e mant\u00e9m conv\u00eanios com mais de 370 munic\u00edpios paulistas, oferecendo orienta\u00e7\u00e3o, atendimento ao p\u00fablico e fiscaliza\u00e7\u00e3o das rela\u00e7\u00f5es de consumo.<\/strong><\/p>\n<p><strong>Servi\u00e7o<\/strong><\/p>\n<p><strong>Semana do Consumidor Atendimento do Procon-SP<\/strong><\/p>\n<p><strong>\ud83d\udccd Esta\u00e7\u00e3o Tamanduate\u00ed (Linha 10\u2013Turquesa)<br \/><\/strong><strong>\ud83d\udcc5 9 a 13 de mar\u00e7o<br \/><\/strong><strong>\ud83d\udd52 10h \u00e0s 15h<\/strong><\/p>\n<p><strong>\ud83d\udccd Esta\u00e7\u00e3o Br\u00e1s<br \/><\/strong><strong>\ud83d\udcc5 10 a 13 de mar\u00e7o<br \/><\/strong><strong>\ud83d\udd52 10h \u00e0s 15h<\/strong><\/p>\n<p><strong>HostingPRESS Ag\u00eancia de Not\u00edcias de S\u00e3o Paulo<\/strong><br \/>Conte\u00fado distribu\u00eddo por nossa Central de Jornalismo<br \/>Reprodu\u00e7\u00e3o autorizada mediante cr\u00e9dito da fonte<\/p>\n<p>Portal criado para conectar os leitores da regi\u00e3o ao melhor conte\u00fado<\/p>\n<p>Somos l\u00edderes de audi\u00eancia local. Somos sociais.\u00a0Conecte-se conosco.<\/p>\n<\/p><\/div>\n<section>  \t<img alt=\"Avatar photo\" src=\"https:\/\/hostingpress.com.br\/wp-content\/uploads\/2026\/03\/cropped-Divilgacao-95x95.jpeg\"  height=\"95\" width=\"95\" decoding=\"async\">\t \t<\/p>\n<div>\n<p>Vinicius Moror\u00f3<\/p>\n<p>Editor-Executivo-Regional | Jornalista | Diretor Editorial    Editor-Executivo-Regional da HostingPress Ag\u00eancia de Not\u00edcias de S\u00e3o Paulo, com atua\u00e7\u00e3o voltada \u00e0 coordena\u00e7\u00e3o editorial regional, articula\u00e7\u00e3o com ve\u00edculos parceiros e fortalecimento da distribui\u00e7\u00e3o de conte\u00fado jornal\u00edstico no Estado de S\u00e3o Paulo.      Editor-chefe do Jornal Impacto Cotia, com foco em jornalismo investigativo, interesse p\u00fablico e an\u00e1lise cr\u00edtica de temas pol\u00edticos, sociais e institucionais.<\/p>\n<\/p><\/div>\n<\/section>\n","protected":false},"excerpt":{"rendered":"<p>Passageiros da CPTM poder\u00e3o tirar d\u00favidas e registrar reclama\u00e7\u00f5es entre 9 e 13 de mar\u00e7o As esta\u00e7\u00f5es Br\u00e1s e Tamanduate\u00ed, da Companhia Paulista de Trens Metropolitanos (CPTM), receber\u00e3o plant\u00f5es de atendimento da Funda\u00e7\u00e3o Procon-SP entre os dias 9 e 13 de mar\u00e7o, durante a Semana do Consumidor 2026. A iniciativa oferecer\u00e1 orienta\u00e7\u00e3o e suporte aos<\/p>\n","protected":false},"author":808,"featured_media":155783,"comment_status":"closed","ping_status":"closed","sticky":false,"template":"","format":"standard","meta":{"footnotes":""},"categories":[59,1],"tags":[],"class_list":{"0":"post-155782","1":"post","2":"type-post","3":"status-publish","4":"format-standard","5":"has-post-thumbnail","7":"category-bairros","8":"category-todas-noticias"},"_links":{"self":[{"href":"https:\/\/obuxixeiro.com.br\/index.php?rest_route=\/wp\/v2\/posts\/155782","targetHints":{"allow":["GET"]}}],"collection":[{"href":"https:\/\/obuxixeiro.com.br\/index.php?rest_route=\/wp\/v2\/posts"}],"about":[{"href":"https:\/\/obuxixeiro.com.br\/index.php?rest_route=\/wp\/v2\/types\/post"}],"author":[{"embeddable":true,"href":"https:\/\/obuxixeiro.com.br\/index.php?rest_route=\/wp\/v2\/users\/808"}],"replies":[{"embeddable":true,"href":"https:\/\/obuxixeiro.com.br\/index.php?rest_route=%2Fwp%2Fv2%2Fcomments&post=155782"}],"version-history":[{"count":0,"href":"https:\/\/obuxixeiro.com.br\/index.php?rest_route=\/wp\/v2\/posts\/155782\/revisions"}],"wp:featuredmedia":[{"embeddable":true,"href":"https:\/\/obuxixeiro.com.br\/index.php?rest_route=\/wp\/v2\/media\/155783"}],"wp:attachment":[{"href":"https:\/\/obuxixeiro.com.br\/index.php?rest_route=%2Fwp%2Fv2%2Fmedia&parent=155782"}],"wp:term":[{"taxonomy":"category","embeddable":true,"href":"https:\/\/obuxixeiro.com.br\/index.php?rest_route=%2Fwp%2Fv2%2Fcategories&post=155782"},{"taxonomy":"post_tag","embeddable":true,"href":"https:\/\/obuxixeiro.com.br\/index.php?rest_route=%2Fwp%2Fv2%2Ftags&post=155782"}],"curies":[{"name":"wp","href":"https:\/\/api.w.org\/{rel}","templated":true}]}}