{"id":155784,"date":"2026-03-07T03:34:00","date_gmt":"2026-03-07T06:34:00","guid":{"rendered":"https:\/\/obuxixeiro.com.br\/2026\/03\/07\/homem-investigado-por-estupro-de-colegas-de-trabalho-e-preso-em-shopping-na-zona-leste-de-sao-paulo\/"},"modified":"2026-03-07T03:34:00","modified_gmt":"2026-03-07T06:34:00","slug":"homem-investigado-por-estupro-de-colegas-de-trabalho-e-preso-em-shopping-na-zona-leste-de-sao-paulo","status":"publish","type":"post","link":"https:\/\/obuxixeiro.com.br\/?p=155784","title":{"rendered":"Homem investigado por estupro de colegas de trabalho \u00e9 preso em shopping na zona leste de S\u00e3o Paulo"},"content":{"rendered":"\n<div>\n<p><strong>Suspeito trabalhava como cozinheiro e foi detido durante opera\u00e7\u00e3o da Delegacia de Defesa da Mulher<\/strong><\/p>\n<p>Um homem investigado por estupro de vulner\u00e1vel contra duas mulheres foi preso na quinta-feira (5) dentro do Shopping An\u00e1lia Franco, na zona leste da cidade de S\u00e3o Paulo. A pris\u00e3o foi realizada por policiais da 5\u00aa Delegacia de Defesa da Mulher (DDM). Segundo a investiga\u00e7\u00e3o, o suspeito teria dopado colegas de trabalho antes de cometer os abusos em sua resid\u00eancia. O caso integra a opera\u00e7\u00e3o \u201cMulher Segura 2026\u201d, realizada em diferentes regi\u00f5es do estado.<\/p>\n<p>De acordo com a Pol\u00edcia Civil, o investigado trabalhava como cozinheiro em um restaurante localizado no Shopping An\u00e1lia Franco. Ele estava foragido da Justi\u00e7a e foi localizado no local de trabalho durante a a\u00e7\u00e3o policial.<\/p>\n<p>Segundo o inqu\u00e9rito conduzido pela 5\u00aa Delegacia de Defesa da Mulher, os casos investigados ocorreram em 2025. A pol\u00edcia apura den\u00fancias de que o suspeito teria convidado colegas de trabalho para consumir bebidas alco\u00f3licas ap\u00f3s o expediente.<\/p>\n<p>Durante esses encontros, conforme o relato das v\u00edtimas \u00e0 pol\u00edcia, subst\u00e2ncias teriam sido misturadas nas bebidas, provocando perda de consci\u00eancia. As investiga\u00e7\u00f5es indicam que, ap\u00f3s isso, as mulheres eram levadas para a resid\u00eancia do suspeito, onde teriam ocorrido os abusos.<\/p>\n<p>Uma das v\u00edtimas tinha 17 anos na \u00e9poca do epis\u00f3dio investigado.<\/p>\n<p>Em entrevista ao telejornal SP1, da TV Globo, a delegada Jaqueline Zajac, respons\u00e1vel pela investiga\u00e7\u00e3o, afirmou que o primeiro registro policial foi feito ap\u00f3s a m\u00e3e da adolescente procurar a delegacia.<\/p>\n<p>Segundo a delegada, a jovem relatou ter acordado na casa do investigado sem roupas, com dores no corpo e ainda sob efeito de subst\u00e2ncias.<\/p>\n<p>De acordo com a autoridade policial, exames toxicol\u00f3gicos, sexol\u00f3gicos e de corpo de delito foram realizados durante a investiga\u00e7\u00e3o.<\/p>\n<p>No decorrer do inqu\u00e9rito, uma segunda v\u00edtima procurou a pol\u00edcia ap\u00f3s tomar conhecimento do primeiro registro.<\/p>\n<p>Imagens que circulam nas redes sociais mostram o momento em que o homem \u00e9 conduzido por policiais ainda vestindo uniforme de trabalho. A pris\u00e3o ocorreu durante a opera\u00e7\u00e3o \u201cMulher Segura 2026\u201d, iniciativa que re\u00fane a\u00e7\u00f5es policiais voltadas ao combate \u00e0 viol\u00eancia contra mulheres.<\/p>\n<p>A defesa do suspeito n\u00e3o foi localizada at\u00e9 a publica\u00e7\u00e3o desta reportagem.<\/p>\n<p>O crime de estupro de vulner\u00e1vel est\u00e1 previsto no artigo 217-A do C\u00f3digo Penal brasileiro, introduzido pela Lei n\u00ba 12.015 de 2009.<\/p>\n<p>A legisla\u00e7\u00e3o estabelece pena de <strong>8 a 15 anos de reclus\u00e3o<\/strong> para quem pratica conjun\u00e7\u00e3o carnal ou ato libidinoso com pessoa considerada vulner\u00e1vel, incluindo menores de idade ou indiv\u00edduos incapazes de oferecer resist\u00eancia.<\/p>\n<p>A pena pode ser ampliada caso ocorram les\u00f5es graves ou morte da v\u00edtima.<\/p>\n<p>Casos de viol\u00eancia contra mulheres podem ser denunciados pelo telefone <strong>180<\/strong>, canal nacional de atendimento que funciona 24 horas.<\/p>\n<p><strong>HostingPRESS Ag\u00eancia de Not\u00edcias de S\u00e3o Paulo<\/strong><br \/>Conte\u00fado distribu\u00eddo por nossa Central de Jornalismo<br \/>Reprodu\u00e7\u00e3o autorizada mediante cr\u00e9dito da fonte<\/p>\n<p>Portal criado para conectar os leitores da regi\u00e3o ao melhor conte\u00fado<\/p>\n<p>Somos l\u00edderes de audi\u00eancia local. Somos sociais.\u00a0Conecte-se conosco.<\/p>\n<\/p><\/div>\n<section>  \t<img alt=\"Avatar photo\" src=\"https:\/\/hostingpress.com.br\/wp-content\/uploads\/2026\/03\/cropped-Divilgacao-95x95.jpeg\"  height=\"95\" width=\"95\" decoding=\"async\">\t \t<\/p>\n<div>\n<p>Vinicius Moror\u00f3<\/p>\n<p>Editor-Executivo-Regional | Jornalista | Diretor Editorial    Editor-Executivo-Regional da HostingPress Ag\u00eancia de Not\u00edcias de S\u00e3o Paulo, com atua\u00e7\u00e3o voltada \u00e0 coordena\u00e7\u00e3o editorial regional, articula\u00e7\u00e3o com ve\u00edculos parceiros e fortalecimento da distribui\u00e7\u00e3o de conte\u00fado jornal\u00edstico no Estado de S\u00e3o Paulo.      Editor-chefe do Jornal Impacto Cotia, com foco em jornalismo investigativo, interesse p\u00fablico e an\u00e1lise cr\u00edtica de temas pol\u00edticos, sociais e institucionais.<\/p>\n<\/p><\/div>\n<\/section>\n","protected":false},"excerpt":{"rendered":"<p>Suspeito trabalhava como cozinheiro e foi detido durante opera\u00e7\u00e3o da Delegacia de Defesa da Mulher Um homem investigado por estupro de vulner\u00e1vel contra duas mulheres foi preso na quinta-feira (5) dentro do Shopping An\u00e1lia Franco, na zona leste da cidade de S\u00e3o Paulo. A pris\u00e3o foi realizada por policiais da 5\u00aa Delegacia de Defesa da<\/p>\n","protected":false},"author":808,"featured_media":155785,"comment_status":"closed","ping_status":"closed","sticky":false,"template":"","format":"standard","meta":{"footnotes":""},"categories":[59,1],"tags":[],"class_list":{"0":"post-155784","1":"post","2":"type-post","3":"status-publish","4":"format-standard","5":"has-post-thumbnail","7":"category-bairros","8":"category-todas-noticias"},"_links":{"self":[{"href":"https:\/\/obuxixeiro.com.br\/index.php?rest_route=\/wp\/v2\/posts\/155784","targetHints":{"allow":["GET"]}}],"collection":[{"href":"https:\/\/obuxixeiro.com.br\/index.php?rest_route=\/wp\/v2\/posts"}],"about":[{"href":"https:\/\/obuxixeiro.com.br\/index.php?rest_route=\/wp\/v2\/types\/post"}],"author":[{"embeddable":true,"href":"https:\/\/obuxixeiro.com.br\/index.php?rest_route=\/wp\/v2\/users\/808"}],"replies":[{"embeddable":true,"href":"https:\/\/obuxixeiro.com.br\/index.php?rest_route=%2Fwp%2Fv2%2Fcomments&post=155784"}],"version-history":[{"count":0,"href":"https:\/\/obuxixeiro.com.br\/index.php?rest_route=\/wp\/v2\/posts\/155784\/revisions"}],"wp:featuredmedia":[{"embeddable":true,"href":"https:\/\/obuxixeiro.com.br\/index.php?rest_route=\/wp\/v2\/media\/155785"}],"wp:attachment":[{"href":"https:\/\/obuxixeiro.com.br\/index.php?rest_route=%2Fwp%2Fv2%2Fmedia&parent=155784"}],"wp:term":[{"taxonomy":"category","embeddable":true,"href":"https:\/\/obuxixeiro.com.br\/index.php?rest_route=%2Fwp%2Fv2%2Fcategories&post=155784"},{"taxonomy":"post_tag","embeddable":true,"href":"https:\/\/obuxixeiro.com.br\/index.php?rest_route=%2Fwp%2Fv2%2Ftags&post=155784"}],"curies":[{"name":"wp","href":"https:\/\/api.w.org\/{rel}","templated":true}]}}