{"id":155788,"date":"2026-03-02T10:00:00","date_gmt":"2026-03-02T13:00:00","guid":{"rendered":"https:\/\/obuxixeiro.com.br\/2026\/03\/02\/marquito-e-extubado-apos-cirurgia-na-coluna-e-segue-internado-em-estado-grave-em-sp\/"},"modified":"2026-03-02T10:00:00","modified_gmt":"2026-03-02T13:00:00","slug":"marquito-e-extubado-apos-cirurgia-na-coluna-e-segue-internado-em-estado-grave-em-sp","status":"publish","type":"post","link":"https:\/\/obuxixeiro.com.br\/?p=155788","title":{"rendered":"Marquito \u00e9 extubado ap\u00f3s cirurgia na coluna e segue internado em estado grave em SP"},"content":{"rendered":"\n<div>\n<p><strong>Humorista sofreu acidente de moto na Zona Norte e permanece sob cuidados intensivos<\/strong><\/p>\n<p>O humorista Marco Antonio Ricciardelli, conhecido como Marquito, foi extubado e respira sem aux\u00edlio de aparelhos, segundo boletim divulgado neste domingo (1\u00ba) pelo Hospital Nipo-Brasileiro. A informa\u00e7\u00e3o foi repassada \u00e0 imprensa pela assessoria do SBT.<\/p>\n<p>Apesar da evolu\u00e7\u00e3o no quadro respirat\u00f3rio, a unidade hospitalar informou que o estado geral de sa\u00fade permanece grave, com necessidade de cuidados intensivos e reavalia\u00e7\u00f5es peri\u00f3dicas.<\/p>\n<p>Segundo o boletim, o paciente est\u00e1 em ventila\u00e7\u00e3o espont\u00e2nea, com necessidade de fisioterapia respirat\u00f3ria e in\u00edcio de reabilita\u00e7\u00e3o motora, conforme toler\u00e2ncia cl\u00ednica.<\/p>\n<p><strong>Acidente e cirurgia<\/strong><\/p>\n<p>Marquito sofreu um mal s\u00fabito enquanto pilotava uma motocicleta na Zona Norte da capital paulista, na quarta-feira (25), e perdeu o controle do ve\u00edculo.<\/p>\n<p>Em decorr\u00eancia do acidente e de uma les\u00e3o na coluna, ele foi submetido a coma induzido. Na sexta-feira (27), passou por cirurgia na coluna, procedimento que durou cerca de quatro horas. De acordo com a emissora, a interven\u00e7\u00e3o transcorreu conforme o planejado e sem intercorr\u00eancias.<\/p>\n<p><strong>Trajet\u00f3ria na televis\u00e3o e na pol\u00edtica<\/strong><\/p>\n<p>O humorista integra o elenco do Programa do Ratinho h\u00e1 mais de 20 anos. Ele atua na atra\u00e7\u00e3o desde a d\u00e9cada de 1990.<\/p>\n<p>Filiado ao partido Republicanos, Marquito disputou elei\u00e7\u00f5es para vereador na capital paulista em 2012 e 2024. Em 2013, assumiu como suplente na C\u00e2mara Municipal de S\u00e3o Paulo, ap\u00f3s o vereador Celso Jatene deixar o cargo para assumir a Secretaria de Esportes na gest\u00e3o do ent\u00e3o prefeito Fernando Haddad.<\/p>\n<p>Durante o per\u00edodo em que exerceu o mandato, o humorista foi investigado pelo Minist\u00e9rio P\u00fablico de S\u00e3o Paulo em inqu\u00e9rito que apurou den\u00fancias de ex-funcion\u00e1rios sobre suposta devolu\u00e7\u00e3o de parte de sal\u00e1rios.<\/p>\n<p><strong>HostingPRESS Ag\u00eancia de Not\u00edcias de S\u00e3o Paulo<\/strong><br \/>Conte\u00fado distribu\u00eddo por nossa Central de Jornalismo<br \/>Reprodu\u00e7\u00e3o autorizada mediante cr\u00e9dito da fonte<\/p>\n<p>Portal criado para conectar os leitores da regi\u00e3o ao melhor conte\u00fado<\/p>\n<p>Somos l\u00edderes de audi\u00eancia local. Somos sociais.\u00a0Conecte-se conosco.<\/p>\n<\/p><\/div>\n<section>  \t<img alt=\"Avatar photo\" src=\"https:\/\/hostingpress.com.br\/wp-content\/uploads\/2026\/03\/cropped-Divilgacao-95x95.jpeg\"  height=\"95\" width=\"95\" decoding=\"async\">\t \t<\/p>\n<div>\n<p>Vinicius Moror\u00f3<\/p>\n<p>Editor-Executivo-Regional | Jornalista | Diretor Editorial    Editor-Executivo-Regional da HostingPress Ag\u00eancia de Not\u00edcias de S\u00e3o Paulo, com atua\u00e7\u00e3o voltada \u00e0 coordena\u00e7\u00e3o editorial regional, articula\u00e7\u00e3o com ve\u00edculos parceiros e fortalecimento da distribui\u00e7\u00e3o de conte\u00fado jornal\u00edstico no Estado de S\u00e3o Paulo.      Editor-chefe do Jornal Impacto Cotia, com foco em jornalismo investigativo, interesse p\u00fablico e an\u00e1lise cr\u00edtica de temas pol\u00edticos, sociais e institucionais.<\/p>\n<\/p><\/div>\n<\/section>\n","protected":false},"excerpt":{"rendered":"<p>Humorista sofreu acidente de moto na Zona Norte e permanece sob cuidados intensivos O humorista Marco Antonio Ricciardelli, conhecido como Marquito, foi extubado e respira sem aux\u00edlio de aparelhos, segundo boletim divulgado neste domingo (1\u00ba) pelo Hospital Nipo-Brasileiro. A informa\u00e7\u00e3o foi repassada \u00e0 imprensa pela assessoria do SBT. Apesar da evolu\u00e7\u00e3o no quadro respirat\u00f3rio, a<\/p>\n","protected":false},"author":808,"featured_media":155789,"comment_status":"closed","ping_status":"closed","sticky":false,"template":"","format":"standard","meta":{"footnotes":""},"categories":[59,1],"tags":[],"class_list":{"0":"post-155788","1":"post","2":"type-post","3":"status-publish","4":"format-standard","5":"has-post-thumbnail","7":"category-bairros","8":"category-todas-noticias"},"_links":{"self":[{"href":"https:\/\/obuxixeiro.com.br\/index.php?rest_route=\/wp\/v2\/posts\/155788","targetHints":{"allow":["GET"]}}],"collection":[{"href":"https:\/\/obuxixeiro.com.br\/index.php?rest_route=\/wp\/v2\/posts"}],"about":[{"href":"https:\/\/obuxixeiro.com.br\/index.php?rest_route=\/wp\/v2\/types\/post"}],"author":[{"embeddable":true,"href":"https:\/\/obuxixeiro.com.br\/index.php?rest_route=\/wp\/v2\/users\/808"}],"replies":[{"embeddable":true,"href":"https:\/\/obuxixeiro.com.br\/index.php?rest_route=%2Fwp%2Fv2%2Fcomments&post=155788"}],"version-history":[{"count":0,"href":"https:\/\/obuxixeiro.com.br\/index.php?rest_route=\/wp\/v2\/posts\/155788\/revisions"}],"wp:featuredmedia":[{"embeddable":true,"href":"https:\/\/obuxixeiro.com.br\/index.php?rest_route=\/wp\/v2\/media\/155789"}],"wp:attachment":[{"href":"https:\/\/obuxixeiro.com.br\/index.php?rest_route=%2Fwp%2Fv2%2Fmedia&parent=155788"}],"wp:term":[{"taxonomy":"category","embeddable":true,"href":"https:\/\/obuxixeiro.com.br\/index.php?rest_route=%2Fwp%2Fv2%2Fcategories&post=155788"},{"taxonomy":"post_tag","embeddable":true,"href":"https:\/\/obuxixeiro.com.br\/index.php?rest_route=%2Fwp%2Fv2%2Ftags&post=155788"}],"curies":[{"name":"wp","href":"https:\/\/api.w.org\/{rel}","templated":true}]}}