{"id":155803,"date":"2026-03-03T10:54:00","date_gmt":"2026-03-03T13:54:00","guid":{"rendered":"https:\/\/obuxixeiro.com.br\/2026\/03\/03\/felipe-menegat-fara-show-exclusivo-no-skin-longevity-wellness\/"},"modified":"2026-03-03T10:54:00","modified_gmt":"2026-03-03T13:54:00","slug":"felipe-menegat-fara-show-exclusivo-no-skin-longevity-wellness","status":"publish","type":"post","link":"https:\/\/obuxixeiro.com.br\/?p=155803","title":{"rendered":"Felipe Menegat far\u00e1 show exclusivo no Skin Longevity Wellness"},"content":{"rendered":"<div>\n<p>Em clima intimista e cuidadosamente concebido, o cantor Felipe Menegat se prepara para subir a um palco delicadamente moldado pela est\u00e9tica do bem-estar, encabe\u00e7ando um show exclusivo para o evento para o <em>SKIN LONGEVITY WELLNESS<\/em>, marcado para o pr\u00f3ximo dia 6 de mar\u00e7o, em S\u00e3o Paulo. A proposta do encontro foge ao padr\u00e3o das apresenta\u00e7\u00f5es tradicionais: trata-se de um espet\u00e1culo que busca justapor a intensidade interpretativa de Menegat \u00e0 atmosfera de eleg\u00e2ncia, cuidado com o corpo e celebra\u00e7\u00e3o da longevidade, em um ambiente pensado para estimular n\u00e3o apenas a audi\u00e7\u00e3o, mas tamb\u00e9m o olhar, o tato e a sensibilidade geral de quem estiver presente. A noite promete se desdobrar como uma verdadeira imers\u00e3o sensorial, na qual a m\u00fasica passa a funcionar como trilha de um ritual de beleza, juventude e autocuidado, em sintonia com a filosofia de marcas que, como a Farmatec e a Biobele, investem cada vez mais em um discurso de sa\u00fade integral, n\u00e3o apenas cosm\u00e9tico.<\/p>\n<p>Caracterizado por uma maneira de cantar que oscila entre o dram\u00e1tico e o sutil, Menegat leva ao palco uma postura de entrega intensa, quase ritual\u00edstica, que costuma provocar respostas emocionais profundas no p\u00fablico. Sua voz, tecida de nuances, articula can\u00e7\u00f5es que, muitas vezes, funcionam como confiss\u00f5es em forma de melodia, convidando os ouvintes a uma viagem introspectiva onde o romantismo ocupa lugar central. \u00c9 nesse universo que o tenor se insere ao falar sobre a rela\u00e7\u00e3o entre m\u00fasica, beleza e bem-estar, defendendo a tese de que \u201ccelebrar a beleza ganha um sentido ainda mais profundo quando o romantismo est\u00e1 enraizado na m\u00fasica\u201d. Em sua leitura, a beleza, longe de se esgotar na apar\u00eancia f\u00edsica, seria um estado de alma, uma escolha de permanecer aberto ao encantamento, ao afeto e \u00e0 mem\u00f3ria, sentimentos que ele busca despertar por meio da escolha do repert\u00f3rio, do tom de voz e da maneira como constr\u00f3i cada frase musical.<\/p>\n<p>O show, pensado para um p\u00fablico seleto, n\u00e3o se limita a uma sequ\u00eancia de can\u00e7\u00f5es executadas em ordem cronol\u00f3gica; ele se aproxima de uma esp\u00e9cie de performance conceitual, na qual m\u00fasica, luz, cen\u00e1rio e narrativa visual s\u00e3o articulados para eternizar o instante, como se cada nota valesse como um tra\u00e7o de um retrato ef\u00eamero, por\u00e9m marcante. A plat\u00e9ia, composta por convidados ligados ao universo da sa\u00fade, da est\u00e9tica, da ind\u00fastria da beleza e do bem-estar, \u00e9 convidada a n\u00e3o apenas ouvir, mas habitar a experi\u00eancia, deixando que a atmosfera crie, ao longo da noite, um tipo de contiguidade entre o que se canta, o que se v\u00ea e o que se sente. A proposta de \u201cemocionar, envolver e eternizar o instante\u201d n\u00e3o se resume a um mero slogan de marketing, mas a um desenho de experi\u00eancia, em que o som se alinha a uma est\u00e9tica visual e a um protocolo de atendimento que refor\u00e7a a ideia de exclusividade e valoriza\u00e7\u00e3o do indiv\u00edduo presente.<\/p>\n<p>A presen\u00e7a de Andrea Liria Martins, pianista e s\u00f3cia-fundadora da Liria Produ\u00e7\u00f5es, acrescenta uma camada de refinamento sonoro e narrativo ao espet\u00e1culo. A pianista, conhecida por sua sensibilidade mel\u00f3dica e por sua capacidade de conferir um tom de intimismo \u00e0 performance, dialoga com o universo de Menegat n\u00e3o apenas como coadjuvante, mas como parceira de cria\u00e7\u00e3o, ajudando a desenhar arranjos que ampliam a carga emocional das can\u00e7\u00f5es, enfatizando sutilezas, pausas e contrastes de din\u00e2mica. O piano, instrumento emblem\u00e1tico da tradi\u00e7\u00e3o erudita e, ao mesmo tempo, capaz de se adaptar a melodias populares, funciona como um fio condutor org\u00e2nico, ligando a tradi\u00e7\u00e3o da m\u00fasica de c\u00e2mara \u00e0 sensibilidade contempor\u00e2nea, o que, em conjunto com a est\u00e9tica wellness do evento, cria uma esp\u00e9cie de ponte entre o cl\u00e1ssico e o moderno, entre o acad\u00eamico e o intimista. A parceria entre cantor e pianista resulta, em \u00faltima inst\u00e2ncia, em um di\u00e1logo sonoro que refor\u00e7a a ideia de que beleza e bem-estar n\u00e3o s\u00e3o apenas superf\u00edcie, mas tamb\u00e9m uma forma de escuta, de presen\u00e7a, de sincroniza\u00e7\u00e3o entre corpo e esp\u00edrito.<\/p>\n<p>No cen\u00e1rio nacional, Menegat vem consolidando uma trajet\u00f3ria de colabora\u00e7\u00f5es com marcas que, como a Farmatec e a Biobele, assumem, cada vez de forma mais expl\u00edcita, a responsabilidade de ir al\u00e9m da simples venda de produtos, construindo um universo de significados que envolve estilo de vida, autocuidado, nutri\u00e7\u00e3o, bem-estar integral e valoriza\u00e7\u00e3o da experi\u00eancia. A aproxima\u00e7\u00e3o entre o universo art\u00edstico do cantor e o universo das marcas de sa\u00fade e beleza n\u00e3o \u00e9 casual: o romantismo, quando enraizado na m\u00fasica, funciona como um dos principais motores de identifica\u00e7\u00e3o do p\u00fablico, sobretudo em um mercado em que as decis\u00f5es de consumo se orientam tanto por dados t\u00e9cnicos quanto por narrativas emocionais. Ao integrar a programa\u00e7\u00e3o, Menegat passa a ser n\u00e3o apenas um artista contratado para entreter, mas um elemento narrativo central, um mediador entre um discurso de beleza que se cuida e um p\u00fablico que busca, ao mesmo tempo, juventude, seguran\u00e7a e sentido.<\/p>\n<p>O show de 6 de mar\u00e7o, ao reunir m\u00fasica de alta expressividade, parceria harm\u00f4nica com a pianista Andrea Liria Martins e um cen\u00e1rio pensado para exaltar a est\u00e9tica da longevidade, configura-se, em ess\u00eancia, como um manifesto contempor\u00e2neo sobre como a arte pode dialogar com a cultura do bem-estar, sem com isso perder sua profundidade est\u00e9tica ou emocional. Em um contexto em que salas de estar e palcos se confundem com laborat\u00f3rios de imagem, experi\u00eancias sensoriais e projetos de longevidade, o espet\u00e1culo convida o p\u00fablico a redescobrir a beleza como um estado de presen\u00e7a, sustentado por uma trilha sonora que, em cada acorde, parece reafirmar a import\u00e2ncia de habitar inteiramente o momento que se vive.<\/p>\n<p>Para quem acompanha as transforma\u00e7\u00f5es do cen\u00e1rio cultural e de entretenimento brasileiro, experi\u00eancias como essa mostram como a fronteira entre arte, mercado e bem-estar vem se tornando cada vez mais fluida, exigindo um olhar jornal\u00edstico atento e cr\u00edtico, capaz de decifrar n\u00e3o apenas o que se apresenta, mas tamb\u00e9m o que se constr\u00f3i nas entrelinhas. A HostingPRESS \u2013 Ag\u00eancia de Not\u00edcias de S\u00e3o Paulo dedica-se a acompanhar, com profundidade e sensibilidade, essas novas converg\u00eancias, trazendo ao leitor reportagens que conectam personalidades, projetos e tend\u00eancias que, somadas, desenham o rosto de uma sociedade em constante reinven\u00e7\u00e3o. Aprecie nossas mat\u00e9rias, compartilhe essas hist\u00f3rias e retorne com frequ\u00eancia \u00e0s nossas p\u00e1ginas, construindo, com a HostingPRESS, um h\u00e1bito de leitura que amplia a curiosidade e a compreens\u00e3o do mundo contempor\u00e2neo.<\/p>\n<p>**<\/p>\n<p><em>Marcelo Henrique de Carvalho, editor-chefe<br \/>HostingPRESS \u2013 Ag\u00eancia de Not\u00edcias de S\u00e3o Paulo. Conte\u00fado distribu\u00eddo por nossa Central de Jornalismo. Reprodu\u00e7\u00e3o autorizada mediante cr\u00e9dito da fonte.<\/em><\/p>\n<\/p><\/div>\n","protected":false},"excerpt":{"rendered":"<p>Em clima intimista e cuidadosamente concebido, o cantor Felipe Menegat se prepara para subir a um palco delicadamente moldado pela est\u00e9tica do bem-estar, encabe\u00e7ando um show exclusivo para o evento para o SKIN LONGEVITY WELLNESS, marcado para o pr\u00f3ximo dia 6 de mar\u00e7o, em S\u00e3o Paulo. A proposta do encontro foge ao padr\u00e3o das apresenta\u00e7\u00f5es<\/p>\n","protected":false},"author":811,"featured_media":155804,"comment_status":"closed","ping_status":"closed","sticky":false,"template":"","format":"standard","meta":{"footnotes":""},"categories":[69,1],"tags":[],"class_list":{"0":"post-155803","1":"post","2":"type-post","3":"status-publish","4":"format-standard","5":"has-post-thumbnail","7":"category-entretenimento","8":"category-todas-noticias"},"_links":{"self":[{"href":"https:\/\/obuxixeiro.com.br\/index.php?rest_route=\/wp\/v2\/posts\/155803","targetHints":{"allow":["GET"]}}],"collection":[{"href":"https:\/\/obuxixeiro.com.br\/index.php?rest_route=\/wp\/v2\/posts"}],"about":[{"href":"https:\/\/obuxixeiro.com.br\/index.php?rest_route=\/wp\/v2\/types\/post"}],"author":[{"embeddable":true,"href":"https:\/\/obuxixeiro.com.br\/index.php?rest_route=\/wp\/v2\/users\/811"}],"replies":[{"embeddable":true,"href":"https:\/\/obuxixeiro.com.br\/index.php?rest_route=%2Fwp%2Fv2%2Fcomments&post=155803"}],"version-history":[{"count":0,"href":"https:\/\/obuxixeiro.com.br\/index.php?rest_route=\/wp\/v2\/posts\/155803\/revisions"}],"wp:featuredmedia":[{"embeddable":true,"href":"https:\/\/obuxixeiro.com.br\/index.php?rest_route=\/wp\/v2\/media\/155804"}],"wp:attachment":[{"href":"https:\/\/obuxixeiro.com.br\/index.php?rest_route=%2Fwp%2Fv2%2Fmedia&parent=155803"}],"wp:term":[{"taxonomy":"category","embeddable":true,"href":"https:\/\/obuxixeiro.com.br\/index.php?rest_route=%2Fwp%2Fv2%2Fcategories&post=155803"},{"taxonomy":"post_tag","embeddable":true,"href":"https:\/\/obuxixeiro.com.br\/index.php?rest_route=%2Fwp%2Fv2%2Ftags&post=155803"}],"curies":[{"name":"wp","href":"https:\/\/api.w.org\/{rel}","templated":true}]}}