{"id":155818,"date":"2026-03-10T03:00:00","date_gmt":"2026-03-10T06:00:00","guid":{"rendered":"https:\/\/obuxixeiro.com.br\/2026\/03\/10\/especialista-em-fisioterapia-infantil-ana-luiza-soares-dedica-carreira-ao-desenvolvimento-saudavel-de-bebes-2\/"},"modified":"2026-03-10T03:00:00","modified_gmt":"2026-03-10T06:00:00","slug":"especialista-em-fisioterapia-infantil-ana-luiza-soares-dedica-carreira-ao-desenvolvimento-saudavel-de-bebes-2","status":"publish","type":"post","link":"https:\/\/obuxixeiro.com.br\/?p=155818","title":{"rendered":"Especialista em fisioterapia infantil, Ana Luiza Soares dedica carreira ao desenvolvimento saud\u00e1vel de beb\u00eas"},"content":{"rendered":"\n<div>\n<p><strong>Com mais de duas d\u00e9cadas de experi\u00eancia, fisioterapeuta atua na preven\u00e7\u00e3o e no tratamento de altera\u00e7\u00f5es motoras e cranianas nos primeiros meses de vida<\/strong><\/p>\n<p>O primeiro ano de vida de uma crian\u00e7a \u00e9 considerado por especialistas uma das fases mais decisivas do desenvolvimento humano. \u00c9 nesse per\u00edodo que o c\u00e9rebro estabelece milh\u00f5es de conex\u00f5es neuronais respons\u00e1veis por habilidades motoras, cognitivas e sensoriais que acompanhar\u00e3o o indiv\u00edduo ao longo da vida.<\/p>\n<p>Foi justamente essa etapa da inf\u00e2ncia que despertou o interesse da fisioterapeuta <strong>Ana Luiza Soares<\/strong>, profissional que h\u00e1 mais de 25 anos atua na \u00e1rea da fisioterapia pedi\u00e1trica.<\/p>\n<p>A escolha pela especialidade surgiu ainda durante os primeiros est\u00e1gios hospitalares da carreira. Segundo ela, o contato com rec\u00e9m-nascidos e crian\u00e7as em fase inicial de desenvolvimento revelou o impacto que interven\u00e7\u00f5es precoces podem ter na qualidade de vida.<\/p>\n<p>\u201cFoi durante os est\u00e1gios que percebi o quanto pequenas interven\u00e7\u00f5es podem transformar o futuro de uma crian\u00e7a. O primeiro ano de vida \u00e9 uma janela \u00fanica para o desenvolvimento\u201d, explica.<\/p>\n<h2><strong>Experi\u00eancia constru\u00edda dentro e fora do ambiente hospitalar<\/strong><\/h2>\n<p>Ao longo de mais de 17 anos atuando em hospitais e cl\u00ednicas, Ana Luiza acompanhou de perto os desafios enfrentados por fam\u00edlias e profissionais no cuidado com beb\u00eas que apresentam dificuldades motoras ou respirat\u00f3rias.<\/p>\n<p>Com o tempo, percebeu que muitas dessas crian\u00e7as poderiam se beneficiar de acompanhamento ainda mais pr\u00f3ximo, fora do ambiente hospitalar.<\/p>\n<p>\u201cEm hospitais existem limita\u00e7\u00f5es naturais de tempo e estrutura. Muitas fam\u00edlias precisam de orienta\u00e7\u00e3o cont\u00ednua, de acompanhamento individualizado e de um olhar mais amplo sobre o desenvolvimento da crian\u00e7a\u201d, afirma.<\/p>\n<p>Foi a partir dessa percep\u00e7\u00e3o que a fisioterapeuta passou a atuar tamb\u00e9m em atendimentos especializados voltados ao acompanhamento precoce do desenvolvimento infantil.<\/p>\n<h2><strong>Especializa\u00e7\u00e3o em desenvolvimento motor e assimetria craniana<\/strong><\/h2>\n<p>Entre as \u00e1reas de atua\u00e7\u00e3o da profissional est\u00e3o o tratamento de <strong>assimetria craniana<\/strong>, condi\u00e7\u00e3o caracterizada por altera\u00e7\u00f5es no formato da cabe\u00e7a do beb\u00ea, frequentemente associadas a prefer\u00eancias posturais ou dificuldades de mobilidade cervical.<\/p>\n<p>Conhecida tamb\u00e9m como plagiocefalia posicional, a condi\u00e7\u00e3o tem sido cada vez mais observada em beb\u00eas nos primeiros meses de vida.<\/p>\n<p>Estudos cient\u00edficos indicam que at\u00e9 <strong>20% das crian\u00e7as podem apresentar algum grau de assimetria craniana<\/strong>, especialmente durante os primeiros meses ap\u00f3s o nascimento.<\/p>\n<p>Fonte cient\u00edfica:<br \/>https:\/\/www.cdc.gov\/ncbddd\/birthdefects\/plagiocephaly.html<\/p>\n<p>A profissional tamb\u00e9m possui forma\u00e7\u00e3o em <strong>neuropediatria pela Universidade Federal de S\u00e3o Carlos (UFSCar)<\/strong> e especializa\u00e7\u00e3o em <strong>fisioterapia respirat\u00f3ria pelo Instituto da Crian\u00e7a do Hospital das Cl\u00ednicas de S\u00e3o Paulo<\/strong>, al\u00e9m de diversas forma\u00e7\u00f5es voltadas ao atendimento infantil, como o conceito neuroevolutivo Bobath, m\u00e9todo internacional utilizado na reabilita\u00e7\u00e3o neurol\u00f3gica.<\/p>\n<p>Segundo Ana Luiza, a identifica\u00e7\u00e3o precoce de altera\u00e7\u00f5es no desenvolvimento motor pode evitar complica\u00e7\u00f5es futuras.<\/p>\n<p>\u201cMuitas vezes sinais simples passam despercebidos pelos pais, como a prefer\u00eancia por um lado da cabe\u00e7a ou dificuldade para movimentar o pesco\u00e7o. Quanto mais cedo identificamos essas altera\u00e7\u00f5es, maiores s\u00e3o as chances de corre\u00e7\u00e3o com interven\u00e7\u00f5es simples\u201d, explica.<\/p>\n<h2><strong>Orienta\u00e7\u00e3o \u00e0s fam\u00edlias como parte do tratamento<\/strong><\/h2>\n<p>Para a especialista, o acompanhamento infantil vai al\u00e9m das sess\u00f5es terap\u00eauticas. A orienta\u00e7\u00e3o \u00e0s fam\u00edlias \u00e9 considerada parte fundamental do processo de desenvolvimento saud\u00e1vel da crian\u00e7a.<\/p>\n<p>\u201cMuitos pais acreditam que determinadas dificuldades s\u00e3o normais ou passageiras. Nosso papel tamb\u00e9m \u00e9 orientar e mostrar como pequenas mudan\u00e7as no dia a dia podem fazer diferen\u00e7a no desenvolvimento do beb\u00ea\u201d, afirma.<\/p>\n<p>Entre os cuidados frequentemente abordados est\u00e3o est\u00edmulos motores adequados, posicionamento correto do beb\u00ea e estrat\u00e9gias para favorecer o desenvolvimento respirat\u00f3rio e muscular.<\/p>\n<h2><strong>A import\u00e2ncia do primeiro ano de vida<\/strong><\/h2>\n<p>Especialistas em desenvolvimento infantil destacam que os primeiros meses de vida representam uma fase de intensa plasticidade cerebral capacidade que o c\u00e9rebro possui de se adaptar e formar novas conex\u00f5es.<\/p>\n<p>Segundo pesquisas publicadas no <strong>National Institutes of Health (NIH)<\/strong>, interven\u00e7\u00f5es realizadas precocemente t\u00eam potencial de influenciar significativamente o desenvolvimento motor e neurol\u00f3gico da crian\u00e7a.<\/p>\n<p>Para Ana Luiza, essa fase inicial representa uma oportunidade \u00fanica para estimular o desenvolvimento saud\u00e1vel.<\/p>\n<p>\u201cO primeiro ano de vida \u00e9 como a base de uma constru\u00e7\u00e3o. Tudo o que acontece nesse per\u00edodo influencia o desenvolvimento da crian\u00e7a ao longo de toda a vida\u201d, conclui.<\/p>\n<h2><strong>Servi\u00e7o<\/strong><\/h2>\n<p>HelperKids Cl\u00ednica de Fisioterapia Especializada em Beb\u00eas<\/p>\n<p>\ud83d\udccd Campo Belo S\u00e3o Paulo<br \/>\u00a0\ud83d\udccd Alphaville<br \/>\u00a0\ud83d\udccd Guarulhos<\/p>\n<p>\ud83d\udcf1 Instagram: @helperkids<br \/>\u00a0\ud83d\udcde Telefone: (11) 98969-8423<\/p>\n<p><strong>HostingPRESS Ag\u00eancia de Not\u00edcias de S\u00e3o Paulo<\/strong><br \/>Conte\u00fado distribu\u00eddo por nossa Central de Jornalismo<br \/>Reprodu\u00e7\u00e3o autorizada mediante cr\u00e9dito da fonte<\/p>\n<p>Portal criado para conectar os leitores da regi\u00e3o ao melhor conte\u00fado<\/p>\n<p>Somos l\u00edderes de audi\u00eancia local. Somos sociais.\u00a0Conecte-se conosco.<\/p>\n<\/p><\/div>\n<section>  \t<img alt=\"Avatar photo\" src=\"https:\/\/hostingpress.com.br\/wp-content\/uploads\/2026\/03\/cropped-Divilgacao-95x95.jpeg\"  height=\"95\" width=\"95\" decoding=\"async\">\t \t<\/p>\n<div>\n<p>Vinicius Moror\u00f3<\/p>\n<p>Editor-Executivo-Regional | Jornalista | Diretor Editorial    Editor-Executivo-Regional da HostingPress Ag\u00eancia de Not\u00edcias de S\u00e3o Paulo, com atua\u00e7\u00e3o voltada \u00e0 coordena\u00e7\u00e3o editorial regional, articula\u00e7\u00e3o com ve\u00edculos parceiros e fortalecimento da distribui\u00e7\u00e3o de conte\u00fado jornal\u00edstico no Estado de S\u00e3o Paulo.      Editor-chefe do Jornal Impacto Cotia, com foco em jornalismo investigativo, interesse p\u00fablico e an\u00e1lise cr\u00edtica de temas pol\u00edticos, sociais e institucionais.<\/p>\n<\/p><\/div>\n<\/section>\n","protected":false},"excerpt":{"rendered":"<p>Com mais de duas d\u00e9cadas de experi\u00eancia, fisioterapeuta atua na preven\u00e7\u00e3o e no tratamento de altera\u00e7\u00f5es motoras e cranianas nos primeiros meses de vida O primeiro ano de vida de uma crian\u00e7a \u00e9 considerado por especialistas uma das fases mais decisivas do desenvolvimento humano. \u00c9 nesse per\u00edodo que o c\u00e9rebro estabelece milh\u00f5es de conex\u00f5es neuronais<\/p>\n","protected":false},"author":808,"featured_media":155819,"comment_status":"closed","ping_status":"closed","sticky":false,"template":"","format":"standard","meta":{"footnotes":""},"categories":[77,1],"tags":[],"class_list":{"0":"post-155818","1":"post","2":"type-post","3":"status-publish","4":"format-standard","5":"has-post-thumbnail","7":"category-papo-de-especialista","8":"category-todas-noticias"},"_links":{"self":[{"href":"https:\/\/obuxixeiro.com.br\/index.php?rest_route=\/wp\/v2\/posts\/155818","targetHints":{"allow":["GET"]}}],"collection":[{"href":"https:\/\/obuxixeiro.com.br\/index.php?rest_route=\/wp\/v2\/posts"}],"about":[{"href":"https:\/\/obuxixeiro.com.br\/index.php?rest_route=\/wp\/v2\/types\/post"}],"author":[{"embeddable":true,"href":"https:\/\/obuxixeiro.com.br\/index.php?rest_route=\/wp\/v2\/users\/808"}],"replies":[{"embeddable":true,"href":"https:\/\/obuxixeiro.com.br\/index.php?rest_route=%2Fwp%2Fv2%2Fcomments&post=155818"}],"version-history":[{"count":0,"href":"https:\/\/obuxixeiro.com.br\/index.php?rest_route=\/wp\/v2\/posts\/155818\/revisions"}],"wp:featuredmedia":[{"embeddable":true,"href":"https:\/\/obuxixeiro.com.br\/index.php?rest_route=\/wp\/v2\/media\/155819"}],"wp:attachment":[{"href":"https:\/\/obuxixeiro.com.br\/index.php?rest_route=%2Fwp%2Fv2%2Fmedia&parent=155818"}],"wp:term":[{"taxonomy":"category","embeddable":true,"href":"https:\/\/obuxixeiro.com.br\/index.php?rest_route=%2Fwp%2Fv2%2Fcategories&post=155818"},{"taxonomy":"post_tag","embeddable":true,"href":"https:\/\/obuxixeiro.com.br\/index.php?rest_route=%2Fwp%2Fv2%2Ftags&post=155818"}],"curies":[{"name":"wp","href":"https:\/\/api.w.org\/{rel}","templated":true}]}}