{"id":155829,"date":"2026-04-25T02:55:00","date_gmt":"2026-04-25T05:55:00","guid":{"rendered":"https:\/\/obuxixeiro.com.br\/2026\/04\/25\/poupatempo-amplia-atendimento-em-libras-e-busca-eliminar-barreiras-de-comunicacao-em-sp\/"},"modified":"2026-04-25T02:55:00","modified_gmt":"2026-04-25T05:55:00","slug":"poupatempo-amplia-atendimento-em-libras-e-busca-eliminar-barreiras-de-comunicacao-em-sp","status":"publish","type":"post","link":"https:\/\/obuxixeiro.com.br\/?p=155829","title":{"rendered":"Poupatempo amplia atendimento em Libras e busca eliminar barreiras de comunica\u00e7\u00e3o em SP"},"content":{"rendered":"\n<div>\n<p><strong>Servi\u00e7o permite acesso mais inclusivo para pessoas surdas nos atendimentos p\u00fablicos<\/strong><\/p>\n<p>O programa Poupatempo passou a oferecer atendimento em L\u00edngua Brasileira de Sinais (Libras) como forma de ampliar o acesso de pessoas surdas aos servi\u00e7os p\u00fablicos no estado de S\u00e3o Paulo.<\/p>\n<p>Segundo as informa\u00e7\u00f5es divulgadas, o atendimento pode ser realizado por meio de videochamada, conectando o usu\u00e1rio a int\u00e9rpretes de Libras durante o processo, sem a necessidade de intermedi\u00e1rios presenciais.<\/p>\n<p>A iniciativa tem como objetivo reduzir barreiras de comunica\u00e7\u00e3o e garantir que pessoas com defici\u00eancia auditiva consigam acessar servi\u00e7os essenciais com mais autonomia e clareza.<\/p>\n<p>O sistema permite que o cidad\u00e3o seja atendido diretamente por um profissional capacitado em Libras, facilitando a compreens\u00e3o de orienta\u00e7\u00f5es, solicita\u00e7\u00f5es e procedimentos realizados nas unidades.<\/p>\n<p>A implementa\u00e7\u00e3o do recurso acompanha a digitaliza\u00e7\u00e3o de servi\u00e7os e a amplia\u00e7\u00e3o do atendimento remoto, estrat\u00e9gia adotada para tornar o acesso mais inclusivo e eficiente.<\/p>\n<p>Apesar do avan\u00e7o, a utiliza\u00e7\u00e3o do servi\u00e7o depende de acesso a dispositivos com internet e pode variar conforme a unidade e o tipo de atendimento solicitado.<\/p>\n<p><strong>HostingPRESS Ag\u00eancia de Not\u00edcias de S\u00e3o Paulo<\/strong><br \/>Conte\u00fado distribu\u00eddo por nossa Central de Jornalismo<br \/>Reprodu\u00e7\u00e3o autorizada mediante cr\u00e9dito da fonte<\/p>\n<p>Portal criado para conectar os leitores da regi\u00e3o ao melhor conte\u00fado<\/p>\n<p>Somos l\u00edderes de audi\u00eancia local. Somos sociais.\u00a0Conecte-se conosco.<\/p>\n<\/p><\/div>\n<section>  \t<img alt=\"Avatar photo\" src=\"https:\/\/hostingpress.com.br\/wp-content\/uploads\/2026\/03\/cropped-Divilgacao-95x95.jpeg\"  height=\"95\" width=\"95\" decoding=\"async\">\t \t<\/p>\n<div>\n<p>Vinicius Moror\u00f3<\/p>\n<p>Editor-Executivo-Regional | Jornalista | Diretor Editorial    Editor-Executivo-Regional da HostingPress Ag\u00eancia de Not\u00edcias de S\u00e3o Paulo, com atua\u00e7\u00e3o voltada \u00e0 coordena\u00e7\u00e3o editorial regional, articula\u00e7\u00e3o com ve\u00edculos parceiros e fortalecimento da distribui\u00e7\u00e3o de conte\u00fado jornal\u00edstico no Estado de S\u00e3o Paulo.      Editor-chefe do Jornal Impacto Cotia, com foco em jornalismo investigativo, interesse p\u00fablico e an\u00e1lise cr\u00edtica de temas pol\u00edticos, sociais e institucionais.<\/p>\n<\/p><\/div>\n<\/section>\n","protected":false},"excerpt":{"rendered":"<p>Servi\u00e7o permite acesso mais inclusivo para pessoas surdas nos atendimentos p\u00fablicos O programa Poupatempo passou a oferecer atendimento em L\u00edngua Brasileira de Sinais (Libras) como forma de ampliar o acesso de pessoas surdas aos servi\u00e7os p\u00fablicos no estado de S\u00e3o Paulo. Segundo as informa\u00e7\u00f5es divulgadas, o atendimento pode ser realizado por meio de videochamada, conectando<\/p>\n","protected":false},"author":808,"featured_media":155830,"comment_status":"closed","ping_status":"closed","sticky":false,"template":"","format":"standard","meta":{"footnotes":""},"categories":[32,1],"tags":[],"class_list":{"0":"post-155829","1":"post","2":"type-post","3":"status-publish","4":"format-standard","5":"has-post-thumbnail","7":"category-brasil","8":"category-todas-noticias"},"_links":{"self":[{"href":"https:\/\/obuxixeiro.com.br\/index.php?rest_route=\/wp\/v2\/posts\/155829","targetHints":{"allow":["GET"]}}],"collection":[{"href":"https:\/\/obuxixeiro.com.br\/index.php?rest_route=\/wp\/v2\/posts"}],"about":[{"href":"https:\/\/obuxixeiro.com.br\/index.php?rest_route=\/wp\/v2\/types\/post"}],"author":[{"embeddable":true,"href":"https:\/\/obuxixeiro.com.br\/index.php?rest_route=\/wp\/v2\/users\/808"}],"replies":[{"embeddable":true,"href":"https:\/\/obuxixeiro.com.br\/index.php?rest_route=%2Fwp%2Fv2%2Fcomments&post=155829"}],"version-history":[{"count":0,"href":"https:\/\/obuxixeiro.com.br\/index.php?rest_route=\/wp\/v2\/posts\/155829\/revisions"}],"wp:featuredmedia":[{"embeddable":true,"href":"https:\/\/obuxixeiro.com.br\/index.php?rest_route=\/wp\/v2\/media\/155830"}],"wp:attachment":[{"href":"https:\/\/obuxixeiro.com.br\/index.php?rest_route=%2Fwp%2Fv2%2Fmedia&parent=155829"}],"wp:term":[{"taxonomy":"category","embeddable":true,"href":"https:\/\/obuxixeiro.com.br\/index.php?rest_route=%2Fwp%2Fv2%2Fcategories&post=155829"},{"taxonomy":"post_tag","embeddable":true,"href":"https:\/\/obuxixeiro.com.br\/index.php?rest_route=%2Fwp%2Fv2%2Ftags&post=155829"}],"curies":[{"name":"wp","href":"https:\/\/api.w.org\/{rel}","templated":true}]}}