{"id":155833,"date":"2026-04-25T02:42:00","date_gmt":"2026-04-25T05:42:00","guid":{"rendered":"https:\/\/obuxixeiro.com.br\/2026\/04\/25\/domingo-tera-sol-entre-nuvens-e-pancadas-de-chuva-isoladas-em-sp\/"},"modified":"2026-04-25T02:42:00","modified_gmt":"2026-04-25T05:42:00","slug":"domingo-tera-sol-entre-nuvens-e-pancadas-de-chuva-isoladas-em-sp","status":"publish","type":"post","link":"https:\/\/obuxixeiro.com.br\/?p=155833","title":{"rendered":"Domingo ter\u00e1 sol entre nuvens e pancadas de chuva isoladas em SP"},"content":{"rendered":"\n<div>\n<p><strong><em>Previs\u00e3o indica instabilidade em diferentes regi\u00f5es do estado ao longo do dia<\/em><\/strong><\/p>\n<p><strong>O estado de S\u00e3o Paulo deve registrar pancadas de chuva isoladas neste domingo (26), com varia\u00e7\u00e3o de nebulosidade ao longo do dia.<\/strong><\/p>\n<p><strong>Segundo as informa\u00e7\u00f5es divulgadas, o tempo come\u00e7a com presen\u00e7a de sol entre nuvens, mas a combina\u00e7\u00e3o de calor e umidade favorece a forma\u00e7\u00e3o de \u00e1reas de instabilidade, principalmente a partir da tarde.<\/strong><\/p>\n<p><strong>As chuvas devem ocorrer de forma irregular, atingindo pontos espec\u00edficos do estado, sem abrang\u00eancia uniforme, o que caracteriza o padr\u00e3o de pancadas isoladas.<\/strong><\/p>\n<p><strong>\ud83c\udf26\ufe0f COMO FICA O TEMPO<\/strong><\/p>\n<ul>\n<li><strong>manh\u00e3: sol entre nuvens<\/strong><\/li>\n<li><strong>tarde: aumento de nuvens e possibilidade de chuva<\/strong><\/li>\n<li><strong>noite: continuidade de instabilidade em algumas regi\u00f5es<\/strong><\/li>\n<\/ul>\n<p><strong>\ud83d\udc49 caracter\u00edstica: chuva localizada, n\u00e3o generalizada<\/strong><\/p>\n<p><strong>HostingPRESS Ag\u00eancia de Not\u00edcias de S\u00e3o Paulo<\/strong><br \/>Conte\u00fado distribu\u00eddo por nossa Central de Jornalismo<br \/>Reprodu\u00e7\u00e3o autorizada mediante cr\u00e9dito da fonte<\/p>\n<p>Portal criado para conectar os leitores da regi\u00e3o ao melhor conte\u00fado<\/p>\n<p>Somos l\u00edderes de audi\u00eancia local. Somos sociais.\u00a0Conecte-se conosco.<\/p>\n<\/p><\/div>\n<section>  \t<img alt=\"Avatar photo\" src=\"https:\/\/hostingpress.com.br\/wp-content\/uploads\/2026\/03\/cropped-Divilgacao-95x95.jpeg\"  height=\"95\" width=\"95\" decoding=\"async\">\t \t<\/p>\n<div>\n<p>Vinicius Moror\u00f3<\/p>\n<p>Editor-Executivo-Regional | Jornalista | Diretor Editorial    Editor-Executivo-Regional da HostingPress Ag\u00eancia de Not\u00edcias de S\u00e3o Paulo, com atua\u00e7\u00e3o voltada \u00e0 coordena\u00e7\u00e3o editorial regional, articula\u00e7\u00e3o com ve\u00edculos parceiros e fortalecimento da distribui\u00e7\u00e3o de conte\u00fado jornal\u00edstico no Estado de S\u00e3o Paulo.      Editor-chefe do Jornal Impacto Cotia, com foco em jornalismo investigativo, interesse p\u00fablico e an\u00e1lise cr\u00edtica de temas pol\u00edticos, sociais e institucionais.<\/p>\n<\/p><\/div>\n<\/section>\n","protected":false},"excerpt":{"rendered":"<p>Previs\u00e3o indica instabilidade em diferentes regi\u00f5es do estado ao longo do dia O estado de S\u00e3o Paulo deve registrar pancadas de chuva isoladas neste domingo (26), com varia\u00e7\u00e3o de nebulosidade ao longo do dia. Segundo as informa\u00e7\u00f5es divulgadas, o tempo come\u00e7a com presen\u00e7a de sol entre nuvens, mas a combina\u00e7\u00e3o de calor e umidade favorece<\/p>\n","protected":false},"author":808,"featured_media":155834,"comment_status":"closed","ping_status":"closed","sticky":false,"template":"","format":"standard","meta":{"footnotes":""},"categories":[32,1],"tags":[],"class_list":{"0":"post-155833","1":"post","2":"type-post","3":"status-publish","4":"format-standard","5":"has-post-thumbnail","7":"category-brasil","8":"category-todas-noticias"},"_links":{"self":[{"href":"https:\/\/obuxixeiro.com.br\/index.php?rest_route=\/wp\/v2\/posts\/155833","targetHints":{"allow":["GET"]}}],"collection":[{"href":"https:\/\/obuxixeiro.com.br\/index.php?rest_route=\/wp\/v2\/posts"}],"about":[{"href":"https:\/\/obuxixeiro.com.br\/index.php?rest_route=\/wp\/v2\/types\/post"}],"author":[{"embeddable":true,"href":"https:\/\/obuxixeiro.com.br\/index.php?rest_route=\/wp\/v2\/users\/808"}],"replies":[{"embeddable":true,"href":"https:\/\/obuxixeiro.com.br\/index.php?rest_route=%2Fwp%2Fv2%2Fcomments&post=155833"}],"version-history":[{"count":0,"href":"https:\/\/obuxixeiro.com.br\/index.php?rest_route=\/wp\/v2\/posts\/155833\/revisions"}],"wp:featuredmedia":[{"embeddable":true,"href":"https:\/\/obuxixeiro.com.br\/index.php?rest_route=\/wp\/v2\/media\/155834"}],"wp:attachment":[{"href":"https:\/\/obuxixeiro.com.br\/index.php?rest_route=%2Fwp%2Fv2%2Fmedia&parent=155833"}],"wp:term":[{"taxonomy":"category","embeddable":true,"href":"https:\/\/obuxixeiro.com.br\/index.php?rest_route=%2Fwp%2Fv2%2Fcategories&post=155833"},{"taxonomy":"post_tag","embeddable":true,"href":"https:\/\/obuxixeiro.com.br\/index.php?rest_route=%2Fwp%2Fv2%2Ftags&post=155833"}],"curies":[{"name":"wp","href":"https:\/\/api.w.org\/{rel}","templated":true}]}}